{"id":60910,"date":"2024-11-18T20:57:50","date_gmt":"2024-11-19T02:57:50","guid":{"rendered":"https:\/\/encuentroinformativo.com.mx\/?p=60910"},"modified":"2024-11-18T20:57:56","modified_gmt":"2024-11-19T02:57:56","slug":"obras-de-reparacion-de-socavon-y-construccion-de-escolleras-en-el-bulevar-avila-camacho-ya-estan-incluidas-en-el-gasto-federal-del-2025-alcalde-juan-manuel-unanue","status":"publish","type":"post","link":"https:\/\/encuentroinformativo.com.mx\/?p=60910","title":{"rendered":"Obras de reparaci\u00f3n de socav\u00f3n y construcci\u00f3n de escolleras en el bulevar \u00c1vila Camacho ya est\u00e1n incluidas en el Gasto Federal del 2025: Alcalde Juan Manuel Unanue"},"content":{"rendered":"\n<p><strong>* <em>Inform\u00f3 que este proyecto ya est\u00e1 contemplado en el Programa de Inversi\u00f3n y de Gasto de la Secretar\u00eda de Hacienda y Cr\u00e9dito P\u00fablico del a\u00f1o 2025<\/em>.<\/strong><\/p>\n\n\n\n<p>Boca del R\u00edo, Ver.- El alcalde de Boca del R\u00edo, Juan Manuel Un\u00e1nue Abascal, dio a conocer que la obra de reparaci\u00f3n del socav\u00f3n ubicado en el bulevar Manuel \u00c1vila Camacho, y la construcci\u00f3n de las escolleras ya se encuentran aprobados y est\u00e1 contemplados en el Programa de Inversi\u00f3n y de Gasto de la Secretar\u00eda de Hacienda y Cr\u00e9dito P\u00fablico del a\u00f1o 2025.<\/p>\n\n\n\n<p>Reiter\u00f3 que la urgencia de esta obra no solo es por un tema de imagen, sino por un tema de seguridad y de protecci\u00f3n civil para la ciudadan\u00eda.<\/p>\n\n\n\n<p>La obra se estima en m\u00e1s de 70 millones de pesos, \u201cEl proyecto que nosotros mandamos a hacer y que pagamos por parte del ayuntamiento considera la rehabilitaci\u00f3n de la banqueta, escolleras, tablaestacado y siete rompeolas a 15 metros de distancia de la zona para que el bulevar no vuelva a estar en riesgo&#8221;, enfatiz\u00f3.<\/p>\n\n\n\n<p>Agreg\u00f3 que desde que se registr\u00f3 el problema, el Ayuntamiento de Boca del R\u00edo gestion\u00f3 a trav\u00e9s del Gobierno Federal la soluci\u00f3n al da\u00f1o en el bulevar Manuel \u00c1vila Camacho, adem\u00e1s de pagar dos proyectos que marcan la rehabilitaci\u00f3n de la banqueta, escolleras, tablestacado y siete rompeolas a 15 metros de distancia de la zona.<\/p>\n\n\n\n<p>Un\u00e1nue Abascal insisti\u00f3 en que esta obra se tiene que realizar lo m\u00e1s pronto posible, ya que con el paso del tiempo y el impacto de los fen\u00f3menos meteorol\u00f3gicos, la afectaci\u00f3n sigue creciendo con le riesgo de ser m\u00e1s costosa.<\/p>\n\n\n\n<p>Finalmente, el alcalde de Boca del R\u00edo, Juan Manuel Un\u00e1nue Abascal, agreg\u00f3 que su gobierno ha mantenido contin\u00faas reuniones con vecinos del fraccionamiento Costa Verde quienes le han mostrado su profunda preocupaci\u00f3n por esta afectaci\u00f3n.<\/p>\n","protected":false},"excerpt":{"rendered":"<p>* Inform\u00f3 que este proyecto ya est\u00e1 contemplado en el Programa de Inversi\u00f3n y de Gasto de la Secretar\u00eda de Hacienda y Cr\u00e9dito P\u00fablico del a\u00f1o 2025. Boca del R\u00edo, Ver.- El alcalde de Boca del R\u00edo, Juan Manuel Un\u00e1nue Abascal, dio a conocer que la obra de reparaci\u00f3n del socav\u00f3n ubicado en el bulevar [&hellip;]<\/p>\n","protected":false},"author":2476,"featured_media":60911,"comment_status":"open","ping_status":"open","sticky":false,"template":"","format":"standard","meta":{"_jetpack_memberships_contains_paid_content":false,"footnotes":""},"categories":[2],"tags":[],"class_list":["post-60910","post","type-post","status-publish","format-standard","has-post-thumbnail","hentry","category-estado"],"jetpack_featured_media_url":"https:\/\/encuentroinformativo.com.mx\/wp-content\/uploads\/2024\/11\/IMG-20241115-WA0117.jpg","jetpack_sharing_enabled":true,"jetpack_likes_enabled":true,"amp_enabled":true,"_links":{"self":[{"href":"https:\/\/encuentroinformativo.com.mx\/index.php?rest_route=\/wp\/v2\/posts\/60910","targetHints":{"allow":["GET"]}}],"collection":[{"href":"https:\/\/encuentroinformativo.com.mx\/index.php?rest_route=\/wp\/v2\/posts"}],"about":[{"href":"https:\/\/encuentroinformativo.com.mx\/index.php?rest_route=\/wp\/v2\/types\/post"}],"author":[{"embeddable":true,"href":"https:\/\/encuentroinformativo.com.mx\/index.php?rest_route=\/wp\/v2\/users\/2476"}],"replies":[{"embeddable":true,"href":"https:\/\/encuentroinformativo.com.mx\/index.php?rest_route=%2Fwp%2Fv2%2Fcomments&post=60910"}],"version-history":[{"count":2,"href":"https:\/\/encuentroinformativo.com.mx\/index.php?rest_route=\/wp\/v2\/posts\/60910\/revisions"}],"predecessor-version":[{"id":60913,"href":"https:\/\/encuentroinformativo.com.mx\/index.php?rest_route=\/wp\/v2\/posts\/60910\/revisions\/60913"}],"wp:featuredmedia":[{"embeddable":true,"href":"https:\/\/encuentroinformativo.com.mx\/index.php?rest_route=\/wp\/v2\/media\/60911"}],"wp:attachment":[{"href":"https:\/\/encuentroinformativo.com.mx\/index.php?rest_route=%2Fwp%2Fv2%2Fmedia&parent=60910"}],"wp:term":[{"taxonomy":"category","embeddable":true,"href":"https:\/\/encuentroinformativo.com.mx\/index.php?rest_route=%2Fwp%2Fv2%2Fcategories&post=60910"},{"taxonomy":"post_tag","embeddable":true,"href":"https:\/\/encuentroinformativo.com.mx\/index.php?rest_route=%2Fwp%2Fv2%2Ftags&post=60910"}],"curies":[{"name":"wp","href":"https:\/\/api.w.org\/{rel}","templated":true}]}}