{"id":60916,"date":"2024-11-19T10:05:57","date_gmt":"2024-11-19T16:05:57","guid":{"rendered":"https:\/\/encuentroinformativo.com.mx\/?p=60916"},"modified":"2024-11-19T10:06:02","modified_gmt":"2024-11-19T16:06:02","slug":"favorable-derrama-economica-deja-memotiva-el-jaripeo-2024-en-medellin-de-bravo","status":"publish","type":"post","link":"https:\/\/encuentroinformativo.com.mx\/?p=60916","title":{"rendered":"Favorable derrama econ\u00f3mica deja MEMOtiva el Jaripeo 2024 en Medell\u00edn de Bravo"},"content":{"rendered":"\n<p><strong>Alejandro \u00c1vila<\/strong><\/p>\n\n\n\n<p>Medell\u00edn de Bravo, Ver.- A falta de los n\u00fameros finales, los comerciantes del municipio de Medell\u00edn de Bravo aseguraron que la derrama econ\u00f3mica del pasado fin de semana fue sumamente beneficiosa para sus negocios y emprendimientos.<\/p>\n\n\n\n<p>Cabe destacar que del viernes 15 al domingo 17 de noviembre se realiz\u00f3 el evento MEMOtiva el Jaripeo 2024; fiesta promovida por el empresario Guillermo Herrada Jim\u00e9nez, y que se realiz\u00f3 en la parcela ejidal del Tejar de la colonia Guti\u00e9rrez Rosas.<\/p>\n\n\n\n<p>\u201cEste es un claro ejemplo de lo que es hacer cosas de calidad, pero sobre todo, se nota cuando se hacen las cosas con amor, apasionados de nuestras ra\u00edces, Medell\u00edn debe tener una visi\u00f3n de crecimiento de algo nuevo, algo diferente\u201d, manifest\u00f3 Memo Herrada.<\/p>\n\n\n\n<p>Las actividades de MEMOtiva el Jaripeo 2024 dieron inicio con el certamen de elecci\u00f3n de Se\u00f1orita y Chico Jaripeo, quienes ser\u00e1n los embajadores de esta fiesta, resultando ganadores Montserrat Garfias Delf\u00edn \u201cMontse\u201d y Ricardo Atilano Salas \u201cRicky\u201d, como se\u00f1orita simpat\u00eda la joven Karla Cruz Althunar \u201cGalletita\u201d, como joven simpat\u00eda Erick de Jes\u00fas Melchor Ochoa \u201cEl Flaco\u201d y como Mister M\u00fasculo, el joven Rodrigo Vidal Cruz \u201cRoy\u201d, quienes hicieron gala de sus mejores montas a caballo para deleitar a todos los presentes con sus habilidades.<\/p>\n\n\n\n<p>Los nuevos embajadores fueron seleccionados por un jurado calificador, integrado por la reina MEMOtiva el Jaripeo 2023, Alondra Villegas, la Licenciada Karen Rangel y el empresario medellinense Sergio Abreu Quevedo, quienes tomaron en cuenta los vestuarios, la facilidad de palabra, sus habilidades en monta pero sobretodo las ganas de representar esta gran fiesta.<\/p>\n\n\n\n<p>El evento fue engalanado con las presentaciones art\u00edsticas de Penelope Garza, Mau Carlin y la Doble CC, cerrando con broche de oro con El Tigre de los Teclados.<\/p>\n\n\n\n<p>El s\u00e1bado 16 de noviembre, d\u00eda dos de MEMOtiva el Jaripeo, se llevaron a cabo actividades para toda la familia, juego de cochino encebado, cerveza al ruedo, palo encebado y con las presentaciones art\u00edsticas de Diego Gonz\u00e1lez V., Michelle Antonio, los \u201cPuro Sabor\u201d y la Banda JM.<\/p>\n\n\n\n<p>El domingo 17 de noviembre se vivi\u00f3 a todo el gran cierre de MEMOtiva el Jaripeo 2024, con las tradicionales montas, donde m\u00e1s de diez jinetes de la regi\u00f3n demostraron sus habilidades, con un excelente ganado de la Familia Rosas, de la Pepehua, que pusieron los nervios de punta a todos los presentes, show de caballos bailadores y dem\u00e1s.<\/p>\n\n\n\n<p>Una cartelera art\u00edstica \u00fanica, nunca antes vista en Medell\u00edn, la presentaci\u00f3n de Diego Herrada, Mario Mazza, Oscar Lobo y su grupo Cl\u00edmax; cerrando con Ra\u00fal Hern\u00e1ndez JR, el heredero de los Tigres del Norte, que arranc\u00f3 suspiros entre todas las asistentes.<\/p>\n\n\n\n<figure class=\"wp-block-image size-large\"><img loading=\"lazy\" decoding=\"async\" width=\"1024\" height=\"682\" src=\"https:\/\/encuentroinformativo.com.mx\/wp-content\/uploads\/2024\/11\/1000426060-1024x682.jpg\" alt=\"\" class=\"wp-image-60918\" srcset=\"https:\/\/encuentroinformativo.com.mx\/wp-content\/uploads\/2024\/11\/1000426060-1024x682.jpg 1024w, https:\/\/encuentroinformativo.com.mx\/wp-content\/uploads\/2024\/11\/1000426060-300x200.jpg 300w, https:\/\/encuentroinformativo.com.mx\/wp-content\/uploads\/2024\/11\/1000426060-768x511.jpg 768w, https:\/\/encuentroinformativo.com.mx\/wp-content\/uploads\/2024\/11\/1000426060.jpg 1280w\" sizes=\"auto, (max-width: 1024px) 100vw, 1024px\" \/><\/figure>\n","protected":false},"excerpt":{"rendered":"<p>Alejandro \u00c1vila Medell\u00edn de Bravo, Ver.- A falta de los n\u00fameros finales, los comerciantes del municipio de Medell\u00edn de Bravo aseguraron que la derrama econ\u00f3mica del pasado fin de semana fue sumamente beneficiosa para sus negocios y emprendimientos. Cabe destacar que del viernes 15 al domingo 17 de noviembre se realiz\u00f3 el evento MEMOtiva el [&hellip;]<\/p>\n","protected":false},"author":2476,"featured_media":60917,"comment_status":"open","ping_status":"open","sticky":false,"template":"","format":"standard","meta":{"_jetpack_memberships_contains_paid_content":false,"footnotes":""},"categories":[2],"tags":[],"class_list":["post-60916","post","type-post","status-publish","format-standard","has-post-thumbnail","hentry","category-estado"],"jetpack_featured_media_url":"https:\/\/encuentroinformativo.com.mx\/wp-content\/uploads\/2024\/11\/IMG-20241119-WA00182.jpg","jetpack_sharing_enabled":true,"jetpack_likes_enabled":true,"amp_enabled":true,"_links":{"self":[{"href":"https:\/\/encuentroinformativo.com.mx\/index.php?rest_route=\/wp\/v2\/posts\/60916","targetHints":{"allow":["GET"]}}],"collection":[{"href":"https:\/\/encuentroinformativo.com.mx\/index.php?rest_route=\/wp\/v2\/posts"}],"about":[{"href":"https:\/\/encuentroinformativo.com.mx\/index.php?rest_route=\/wp\/v2\/types\/post"}],"author":[{"embeddable":true,"href":"https:\/\/encuentroinformativo.com.mx\/index.php?rest_route=\/wp\/v2\/users\/2476"}],"replies":[{"embeddable":true,"href":"https:\/\/encuentroinformativo.com.mx\/index.php?rest_route=%2Fwp%2Fv2%2Fcomments&post=60916"}],"version-history":[{"count":1,"href":"https:\/\/encuentroinformativo.com.mx\/index.php?rest_route=\/wp\/v2\/posts\/60916\/revisions"}],"predecessor-version":[{"id":60919,"href":"https:\/\/encuentroinformativo.com.mx\/index.php?rest_route=\/wp\/v2\/posts\/60916\/revisions\/60919"}],"wp:featuredmedia":[{"embeddable":true,"href":"https:\/\/encuentroinformativo.com.mx\/index.php?rest_route=\/wp\/v2\/media\/60917"}],"wp:attachment":[{"href":"https:\/\/encuentroinformativo.com.mx\/index.php?rest_route=%2Fwp%2Fv2%2Fmedia&parent=60916"}],"wp:term":[{"taxonomy":"category","embeddable":true,"href":"https:\/\/encuentroinformativo.com.mx\/index.php?rest_route=%2Fwp%2Fv2%2Fcategories&post=60916"},{"taxonomy":"post_tag","embeddable":true,"href":"https:\/\/encuentroinformativo.com.mx\/index.php?rest_route=%2Fwp%2Fv2%2Ftags&post=60916"}],"curies":[{"name":"wp","href":"https:\/\/api.w.org\/{rel}","templated":true}]}}