{"id":60920,"date":"2024-11-19T10:56:40","date_gmt":"2024-11-19T16:56:40","guid":{"rendered":"https:\/\/encuentroinformativo.com.mx\/?p=60920"},"modified":"2024-11-19T10:56:46","modified_gmt":"2024-11-19T16:56:46","slug":"arriba-a-tlalixcoyan-maquinaria-de-sict-para-reparar-puente-pozuelos","status":"publish","type":"post","link":"https:\/\/encuentroinformativo.com.mx\/?p=60920","title":{"rendered":"Arriba a Tlalixcoyan maquinaria de SICT para reparar puente Pozuelos"},"content":{"rendered":"\n<p><strong>Alejandro \u00c1vila<\/strong><\/p>\n\n\n\n<p>Tlalixcoyan, Ver.- Este martes 19 de noviembre tal como se hab\u00eda anunciado en redes sociales, la maquinaria que dar\u00e1 rehabilitaci\u00f3n al puente Pozuelos en el municipio de Tlalixcoyan lleg\u00f3 al punto donde iniciar\u00e1 los trabajos.<\/p>\n\n\n\n<p>El Ayuntamiento de Tlalixcoyan que preside la alcaldesa, Elvia Illescas Loyo, hab\u00eda informado el pasado fin de semana que toda la circulaci\u00f3n, incluso a pie, quedaba suspendida totalmente por el puente Pozuelos, pues ya se ten\u00eda un preacuerdo con la Secretar\u00eda de Infraestructura Comunicaciones y Transportes (SICT) para darle la rehabilitaci\u00f3n adecuada.<\/p>\n\n\n\n<p>Seg\u00fan informada por la propia SICT, se estima que los trabajos de rehabilitaci\u00f3n duren un m\u00e1ximo de 40 d\u00edas, para poder tener lista la obra antes de que finalice el 2024.<\/p>\n\n\n\n<p>Es de mencionar que, el puente Pozuelos es la principal v\u00eda de acceso para el municipio de Tlalixcoyan, y la que conecta con los municipios de Alvarado, Medell\u00edn de Bravo, Boca del R\u00edo y Veracruz; durante los d\u00edas que estuvo clausurado represent\u00f3 una gran afectaci\u00f3n para la ciudadan\u00eda en cuestiones comerciales y laborales.<\/p>\n","protected":false},"excerpt":{"rendered":"<p>Alejandro \u00c1vila Tlalixcoyan, Ver.- Este martes 19 de noviembre tal como se hab\u00eda anunciado en redes sociales, la maquinaria que dar\u00e1 rehabilitaci\u00f3n al puente Pozuelos en el municipio de Tlalixcoyan lleg\u00f3 al punto donde iniciar\u00e1 los trabajos. El Ayuntamiento de Tlalixcoyan que preside la alcaldesa, Elvia Illescas Loyo, hab\u00eda informado el pasado fin de semana [&hellip;]<\/p>\n","protected":false},"author":2476,"featured_media":60921,"comment_status":"open","ping_status":"open","sticky":false,"template":"","format":"standard","meta":{"_jetpack_memberships_contains_paid_content":false,"footnotes":""},"categories":[2],"tags":[],"class_list":["post-60920","post","type-post","status-publish","format-standard","has-post-thumbnail","hentry","category-estado"],"jetpack_featured_media_url":"https:\/\/encuentroinformativo.com.mx\/wp-content\/uploads\/2024\/11\/IMG-20241119-WA0021.jpg","jetpack_sharing_enabled":true,"jetpack_likes_enabled":true,"amp_enabled":true,"_links":{"self":[{"href":"https:\/\/encuentroinformativo.com.mx\/index.php?rest_route=\/wp\/v2\/posts\/60920","targetHints":{"allow":["GET"]}}],"collection":[{"href":"https:\/\/encuentroinformativo.com.mx\/index.php?rest_route=\/wp\/v2\/posts"}],"about":[{"href":"https:\/\/encuentroinformativo.com.mx\/index.php?rest_route=\/wp\/v2\/types\/post"}],"author":[{"embeddable":true,"href":"https:\/\/encuentroinformativo.com.mx\/index.php?rest_route=\/wp\/v2\/users\/2476"}],"replies":[{"embeddable":true,"href":"https:\/\/encuentroinformativo.com.mx\/index.php?rest_route=%2Fwp%2Fv2%2Fcomments&post=60920"}],"version-history":[{"count":1,"href":"https:\/\/encuentroinformativo.com.mx\/index.php?rest_route=\/wp\/v2\/posts\/60920\/revisions"}],"predecessor-version":[{"id":60922,"href":"https:\/\/encuentroinformativo.com.mx\/index.php?rest_route=\/wp\/v2\/posts\/60920\/revisions\/60922"}],"wp:featuredmedia":[{"embeddable":true,"href":"https:\/\/encuentroinformativo.com.mx\/index.php?rest_route=\/wp\/v2\/media\/60921"}],"wp:attachment":[{"href":"https:\/\/encuentroinformativo.com.mx\/index.php?rest_route=%2Fwp%2Fv2%2Fmedia&parent=60920"}],"wp:term":[{"taxonomy":"category","embeddable":true,"href":"https:\/\/encuentroinformativo.com.mx\/index.php?rest_route=%2Fwp%2Fv2%2Fcategories&post=60920"},{"taxonomy":"post_tag","embeddable":true,"href":"https:\/\/encuentroinformativo.com.mx\/index.php?rest_route=%2Fwp%2Fv2%2Ftags&post=60920"}],"curies":[{"name":"wp","href":"https:\/\/api.w.org\/{rel}","templated":true}]}}