{"id":60929,"date":"2024-11-19T12:11:28","date_gmt":"2024-11-19T18:11:28","guid":{"rendered":"https:\/\/encuentroinformativo.com.mx\/?p=60929"},"modified":"2024-11-19T12:11:32","modified_gmt":"2024-11-19T18:11:32","slug":"piden-evitar-nepotismo-en-proximas-elecciones-de-alto-lucero","status":"publish","type":"post","link":"https:\/\/encuentroinformativo.com.mx\/?p=60929","title":{"rendered":"Piden evitar nepotismo en pr\u00f3ximas elecciones de Alto Lucero"},"content":{"rendered":"\n<p><strong>Dar\u00edo Pale <\/strong><\/p>\n\n\n\n<p>Xalapa, Ver.- Piden que ya no haya cacicazgos y nepotismo, adem\u00e1s de &#8220;amiguismo&#8221; en la elecci\u00f3n de la\u00a0 presidencia municipal de Alto Lucero, as\u00ed lo dieron a conocer j\u00f3venes simpatizantes del partido Movimiento de Regeneraci\u00f3n Nacional (MORENA).<\/p>\n\n\n\n<p>En conferencia de prensa Jes\u00fas V\u00e1squez Castillo, conocido como &#8220;Chucho V\u00e1squez&#8221; y Karla Patricia Jim\u00e9nez se pronunciaron en contra de que el poder se siga\u00a0 concentrando en una sola familia, en referencia a la familia Aguilar, ya que en el 2022, fue candidato y electo alcalde en dicho municipio el hijo del dirigente del Partido del Trabajo, Luis Vicente Aguilar Castillo, quien dej\u00f3 la alcald\u00eda para asumir una diputaci\u00f3n local por Misantla y en este proceso electoral podr\u00eda ser candidata a la alcald\u00eda su esposa:\u00a0<\/p>\n\n\n\n<p>&#8220;La pol\u00edtica en nuestro municipio no puede seguir siendo un terreno donde las malas pr\u00e1cticas prevalezcan. El caciquismo, el amiguismo y el nepotismo han limitado el crecimiento de muchos lugares, impidiendo que se representen los ideales de este gran movimiento. Estas pr\u00e1cticas son lo que nosotros los j\u00f3venes estamos comprometidos a erradicar&#8221;, se\u00f1al\u00f3.<\/p>\n\n\n\n<p>Jes\u00fas V\u00e1squez insisti\u00f3 en que se debe respetar la convocatoria de Morena y lo dictado por la Presidenta Claudia Sheinbaum para evitar que se sigan heredando o dando candidaturas a familiares y amigos de personas en cargos p\u00fablicos.\u00a0<\/p>\n\n\n\n<p>&#8220;No estamos de acuerdo que en su caso llegara a suceder el nepotismo, el amiguismo y el caciquismo en Alto Lucero&#8221;, coment\u00f3.<\/p>\n\n\n\n<p>Explic\u00f3 que la alianza con el PT que se prev\u00e9 en Alto Lucero dar\u00eda la facultad a dicho partido de proponer la candidatura, por lo que llamaron a que tanto Morena como el Partido Verde Ecologista de M\u00e9xico que integrar\u00eda la coalici\u00f3n en la elecci\u00f3n municipal tambi\u00e9n propongan candidatos o que Morena vaya s\u00f3lo en el municipio de Alto Lucero de Guti\u00e9rrez Barrios.\u00a0<\/p>\n\n\n\n<p>Por \u00faltimo coment\u00f3 que, &#8220;nosotros como ciudadanos, j\u00f3venes simpatizantes morenistas y todo el pueblo en general de Alto Lucero no necesita de una coalici\u00f3n&#8230;que se quieran adue\u00f1ar como\u00a0 tal no es necesario&#8221;.<\/p>\n","protected":false},"excerpt":{"rendered":"<p>Dar\u00edo Pale Xalapa, Ver.- Piden que ya no haya cacicazgos y nepotismo, adem\u00e1s de &#8220;amiguismo&#8221; en la elecci\u00f3n de la\u00a0 presidencia municipal de Alto Lucero, as\u00ed lo dieron a conocer j\u00f3venes simpatizantes del partido Movimiento de Regeneraci\u00f3n Nacional (MORENA). En conferencia de prensa Jes\u00fas V\u00e1squez Castillo, conocido como &#8220;Chucho V\u00e1squez&#8221; y Karla Patricia Jim\u00e9nez se [&hellip;]<\/p>\n","protected":false},"author":2476,"featured_media":60930,"comment_status":"open","ping_status":"open","sticky":false,"template":"","format":"standard","meta":{"_jetpack_memberships_contains_paid_content":false,"footnotes":""},"categories":[8],"tags":[],"class_list":["post-60929","post","type-post","status-publish","format-standard","has-post-thumbnail","hentry","category-region"],"jetpack_featured_media_url":"https:\/\/encuentroinformativo.com.mx\/wp-content\/uploads\/2024\/11\/IMG-20241119-WA0033.jpg","jetpack_sharing_enabled":true,"jetpack_likes_enabled":true,"amp_enabled":true,"_links":{"self":[{"href":"https:\/\/encuentroinformativo.com.mx\/index.php?rest_route=\/wp\/v2\/posts\/60929","targetHints":{"allow":["GET"]}}],"collection":[{"href":"https:\/\/encuentroinformativo.com.mx\/index.php?rest_route=\/wp\/v2\/posts"}],"about":[{"href":"https:\/\/encuentroinformativo.com.mx\/index.php?rest_route=\/wp\/v2\/types\/post"}],"author":[{"embeddable":true,"href":"https:\/\/encuentroinformativo.com.mx\/index.php?rest_route=\/wp\/v2\/users\/2476"}],"replies":[{"embeddable":true,"href":"https:\/\/encuentroinformativo.com.mx\/index.php?rest_route=%2Fwp%2Fv2%2Fcomments&post=60929"}],"version-history":[{"count":1,"href":"https:\/\/encuentroinformativo.com.mx\/index.php?rest_route=\/wp\/v2\/posts\/60929\/revisions"}],"predecessor-version":[{"id":60931,"href":"https:\/\/encuentroinformativo.com.mx\/index.php?rest_route=\/wp\/v2\/posts\/60929\/revisions\/60931"}],"wp:featuredmedia":[{"embeddable":true,"href":"https:\/\/encuentroinformativo.com.mx\/index.php?rest_route=\/wp\/v2\/media\/60930"}],"wp:attachment":[{"href":"https:\/\/encuentroinformativo.com.mx\/index.php?rest_route=%2Fwp%2Fv2%2Fmedia&parent=60929"}],"wp:term":[{"taxonomy":"category","embeddable":true,"href":"https:\/\/encuentroinformativo.com.mx\/index.php?rest_route=%2Fwp%2Fv2%2Fcategories&post=60929"},{"taxonomy":"post_tag","embeddable":true,"href":"https:\/\/encuentroinformativo.com.mx\/index.php?rest_route=%2Fwp%2Fv2%2Ftags&post=60929"}],"curies":[{"name":"wp","href":"https:\/\/api.w.org\/{rel}","templated":true}]}}