{"id":60942,"date":"2024-11-19T16:42:09","date_gmt":"2024-11-19T22:42:09","guid":{"rendered":"https:\/\/encuentroinformativo.com.mx\/?p=60942"},"modified":"2024-11-19T16:42:14","modified_gmt":"2024-11-19T22:42:14","slug":"parque-ecologico-barranca-honda-un-nuevo-pulmon-para-la-ciudad","status":"publish","type":"post","link":"https:\/\/encuentroinformativo.com.mx\/?p=60942","title":{"rendered":"Parque Ecol\u00f3gico Barranca Honda, un nuevo pulm\u00f3n para la ciudad"},"content":{"rendered":"\n<p>Xalapa, Ver.- Autoridades municipales encabezadas por el presidente municipal Ricardo Ahued Bardahuil, en compa\u00f1\u00eda del gobernador Cuitl\u00e1huac Garc\u00eda Jim\u00e9nez, realizaron este martes un recorrido por el Parque Ecol\u00f3gico Barranca Honda, \u00e1rea natural de casi 6 hect\u00e1reas que se constituye como un nuevo pulm\u00f3n para Xalapa.<\/p>\n\n\n\n<p>Durante la visita en la que estuvo acompa\u00f1ado por el alcalde suplente Alberto Islas Reyes, el Edil coment\u00f3 que se trata de un espacio natural \u00fanico en el estado de Veracruz, que tiene una superficie de 5.98 hect\u00e1reas y mil 692 ejemplares arb\u00f3reos del bosque mes\u00f3filo de monta\u00f1a.<\/p>\n\n\n\n<p>En el \u201c\u00c1rea Natural Barranca Honda\u201d se instal\u00f3 un \u201caula agroecol\u00f3gica\u201d a partir de la convocatoria \u201cProyectos para el fomento ambiental 2023\u201d, de la Secretar\u00eda de Medio Ambiente (Sedema) del Gobierno del Estado de Veracruz.<\/p>\n\n\n\n<p>Adem\u00e1s, cuenta con un huerto agroecol\u00f3gico, paneles fotovoltaicos, ba\u00f1os secos, \u00e1reas de lombricomposta y sistemas de captaci\u00f3n de agua de lluvia, con el objetivo de concientizar a la ciudadan\u00eda en temas de educaci\u00f3n ambiental. Este parque est\u00e1 abierto al p\u00fablico de 7:00 a 17:00 horas.<\/p>\n\n\n\n<p>Asistieron el regidor Carlos Ortega Murgu\u00eda; la directora de Medio Ambiente, Ana Isabel Guevara Escobar; el secretario de Infraestructura y Obras P\u00fablicas, Elio Hern\u00e1ndez Guti\u00e9rrez, y el titular de la Secretar\u00eda de Medio Ambiente, Juan Carlos Contreras Bautista.<\/p>\n\n\n\n<figure class=\"wp-block-image size-large\"><img loading=\"lazy\" decoding=\"async\" width=\"1024\" height=\"702\" src=\"https:\/\/encuentroinformativo.com.mx\/wp-content\/uploads\/2024\/11\/1000426330-1024x702.jpg\" alt=\"\" class=\"wp-image-60944\" srcset=\"https:\/\/encuentroinformativo.com.mx\/wp-content\/uploads\/2024\/11\/1000426330-1024x702.jpg 1024w, https:\/\/encuentroinformativo.com.mx\/wp-content\/uploads\/2024\/11\/1000426330-300x206.jpg 300w, https:\/\/encuentroinformativo.com.mx\/wp-content\/uploads\/2024\/11\/1000426330-768x527.jpg 768w, https:\/\/encuentroinformativo.com.mx\/wp-content\/uploads\/2024\/11\/1000426330.jpg 1094w\" sizes=\"auto, (max-width: 1024px) 100vw, 1024px\" \/><\/figure>\n","protected":false},"excerpt":{"rendered":"<p>Xalapa, Ver.- Autoridades municipales encabezadas por el presidente municipal Ricardo Ahued Bardahuil, en compa\u00f1\u00eda del gobernador Cuitl\u00e1huac Garc\u00eda Jim\u00e9nez, realizaron este martes un recorrido por el Parque Ecol\u00f3gico Barranca Honda, \u00e1rea natural de casi 6 hect\u00e1reas que se constituye como un nuevo pulm\u00f3n para Xalapa. Durante la visita en la que estuvo acompa\u00f1ado por el [&hellip;]<\/p>\n","protected":false},"author":2476,"featured_media":60943,"comment_status":"open","ping_status":"open","sticky":false,"template":"","format":"standard","meta":{"_jetpack_memberships_contains_paid_content":false,"footnotes":""},"categories":[3],"tags":[],"class_list":["post-60942","post","type-post","status-publish","format-standard","has-post-thumbnail","hentry","category-xalapa"],"jetpack_featured_media_url":"https:\/\/encuentroinformativo.com.mx\/wp-content\/uploads\/2024\/11\/IMG-20241119-WA00852-scaled.jpg","jetpack_sharing_enabled":true,"jetpack_likes_enabled":true,"amp_enabled":true,"_links":{"self":[{"href":"https:\/\/encuentroinformativo.com.mx\/index.php?rest_route=\/wp\/v2\/posts\/60942","targetHints":{"allow":["GET"]}}],"collection":[{"href":"https:\/\/encuentroinformativo.com.mx\/index.php?rest_route=\/wp\/v2\/posts"}],"about":[{"href":"https:\/\/encuentroinformativo.com.mx\/index.php?rest_route=\/wp\/v2\/types\/post"}],"author":[{"embeddable":true,"href":"https:\/\/encuentroinformativo.com.mx\/index.php?rest_route=\/wp\/v2\/users\/2476"}],"replies":[{"embeddable":true,"href":"https:\/\/encuentroinformativo.com.mx\/index.php?rest_route=%2Fwp%2Fv2%2Fcomments&post=60942"}],"version-history":[{"count":1,"href":"https:\/\/encuentroinformativo.com.mx\/index.php?rest_route=\/wp\/v2\/posts\/60942\/revisions"}],"predecessor-version":[{"id":60945,"href":"https:\/\/encuentroinformativo.com.mx\/index.php?rest_route=\/wp\/v2\/posts\/60942\/revisions\/60945"}],"wp:featuredmedia":[{"embeddable":true,"href":"https:\/\/encuentroinformativo.com.mx\/index.php?rest_route=\/wp\/v2\/media\/60943"}],"wp:attachment":[{"href":"https:\/\/encuentroinformativo.com.mx\/index.php?rest_route=%2Fwp%2Fv2%2Fmedia&parent=60942"}],"wp:term":[{"taxonomy":"category","embeddable":true,"href":"https:\/\/encuentroinformativo.com.mx\/index.php?rest_route=%2Fwp%2Fv2%2Fcategories&post=60942"},{"taxonomy":"post_tag","embeddable":true,"href":"https:\/\/encuentroinformativo.com.mx\/index.php?rest_route=%2Fwp%2Fv2%2Ftags&post=60942"}],"curies":[{"name":"wp","href":"https:\/\/api.w.org\/{rel}","templated":true}]}}