{"id":60951,"date":"2024-11-19T19:14:44","date_gmt":"2024-11-20T01:14:44","guid":{"rendered":"https:\/\/encuentroinformativo.com.mx\/?p=60951"},"modified":"2024-11-19T19:14:49","modified_gmt":"2024-11-20T01:14:49","slug":"gobierno-municipal-de-boca-del-rio-esta-atento-ante-llegada-del-frente-frio-10-alcalde-jm-unanue","status":"publish","type":"post","link":"https:\/\/encuentroinformativo.com.mx\/?p=60951","title":{"rendered":"Gobierno Municipal de Boca del R\u00edo est\u00e1 atento ante llegada del Frente Fr\u00edo 10: Alcalde JM Un\u00e1nue"},"content":{"rendered":"\n<p><strong>*<em>La Secretar\u00eda de Protecci\u00f3n Civil Estatal pronostica vientos del norte con rachas estimadas entre los 85 y 100 km\/h<\/em>.<\/strong><\/p>\n\n\n\n<p>Boca del R\u00edo, Ver.- Ante la presencia del Frente Fr\u00edo 10 en territorio estatal, el Gobierno Municipal de Boca del R\u00edo, se encuentra en alerta ante los efectos del mismo, que generar\u00e1 este mi\u00e9rcoles, de acuerdo a los pron\u00f3sticos de las autoridades estatales, viento del norte con rachas estimadas entre los 85 a 100 kil\u00f3metros por hora.<\/p>\n\n\n\n<p>El alcalde Juan Manuel Un\u00e1nue Abascal, enfatiz\u00f3 que su gobierno se encuentra atento al estado del tiempo de manera permanente, por lo que de manera preventiva todas las \u00e1reas operativas se encuentran listas antes, durante y despu\u00e9s del impacto de un fen\u00f3meno meteorol\u00f3gico.<\/p>\n\n\n\n<p>\u201cNosotros estamos preparados de manera permanente con las \u00e1reas operativas del Ayuntamiento y m\u00e1s cuando hay mal tiempo (\u2026) ahorita se public\u00f3 afortunadamente un pron\u00f3stico con muchos d\u00edas de anticipaci\u00f3n y eso nos permite la toma de decisiones oportuna y a tiempo\u201d, resalt\u00f3 el presidente municipal.<\/p>\n\n\n\n<p>Con la Alerta Gris emitida por la Secretar\u00eda de Protecci\u00f3n Civil Estatal, el Gobierno de Boca del R\u00edo implementa un operativo preventivo integrado por las direcciones de Gobernaci\u00f3n, Mantenimiento Urbano, Obras P\u00fablicas, Alumbrado P\u00fablico, Limpia P\u00fablica, Protecci\u00f3n Civil, Polic\u00eda Municipal, Comercio, Polic\u00eda Naval y Bomberos Conurbados.<\/p>\n\n\n\n<p>Por su parte, Jorge Roberto Rojas Hern\u00e1ndez, Director de Protecci\u00f3n Civil Municipal, expres\u00f3 que se estar\u00e1 analizando en conjunto con la direcci\u00f3n de Tr\u00e1nsito Municipal el cierre del bulevar Manuel \u00c1vila Camacho, por lo que el llamado a los ciudadanos es estar pendiente de las redes sociales institucionales para cualquier aviso oficial.<\/p>\n\n\n\n<p>En tanto, en la zona de playas, a partir de la tarde noche de este martes se instalar\u00e1 la bandera roja en la torre de los guardavidas, adem\u00e1s de vigilancia adicional para que ninguna persona ingrese al mar.<\/p>\n\n\n\n<p>Finalmente, la autoridad municipal pone a disposici\u00f3n de la ciudadan\u00eda los n\u00fameros de emergencia para cualquier eventualidad: el 911 o los tel\u00e9fonos de Protecci\u00f3n Civil de Boca del R\u00edo 9 86 23 23 o al 2 02 22 22 extensi\u00f3n 3000.<\/p>\n\n\n\n<p><em>RECOMENDACIONES:<\/em><br>**Se recomienda la suspensi\u00f3n de trabajos al aire libre, en alturas, sobre escaleras, andamios u otros.<br>**Previo al evento de norte, limpia y desrama \u00e1rboles pr\u00f3ximos a las casas, utilizando equipo de protecci\u00f3n personal adecuado.<br>**Tapa y asegura materiales como arena, grava, escombros acumulados, madera, etc, pues con la fuerza del viento pueden convertirse en proyectiles.<br>**Al\u00e9jate de espectaculares, letreros y \u00e1rboles que pueden caerse con el viento.<br>**Se recomienda recoger la basura que sea generada en la obra para evitar que sea esparcida por el aire y ocasione da\u00f1os.<br>**Asegura puertas, toldos, ventanas, paneles solares, decoraciones, botes de basura, ventanales, tinacos vac\u00edos y otros recipientes vac\u00edos que no est\u00e9n sujetos.<br>**No enciendas fogatas, el viento puede iniciar o extender incendios.<br>**Evita salir de casa y si es necesario o urgente salir de ella, pon atenci\u00f3n a tu alrededor para evitar posibles riesgos.<br>-Recuerda resguardar a tus mascotas en un lugar seguro.<\/p>\n","protected":false},"excerpt":{"rendered":"<p>*La Secretar\u00eda de Protecci\u00f3n Civil Estatal pronostica vientos del norte con rachas estimadas entre los 85 y 100 km\/h. Boca del R\u00edo, Ver.- Ante la presencia del Frente Fr\u00edo 10 en territorio estatal, el Gobierno Municipal de Boca del R\u00edo, se encuentra en alerta ante los efectos del mismo, que generar\u00e1 este mi\u00e9rcoles, de acuerdo [&hellip;]<\/p>\n","protected":false},"author":2476,"featured_media":60954,"comment_status":"open","ping_status":"open","sticky":false,"template":"","format":"standard","meta":{"_jetpack_memberships_contains_paid_content":false,"footnotes":""},"categories":[2],"tags":[],"class_list":["post-60951","post","type-post","status-publish","format-standard","has-post-thumbnail","hentry","category-estado"],"jetpack_featured_media_url":"https:\/\/encuentroinformativo.com.mx\/wp-content\/uploads\/2024\/11\/IMG-20241119-WA01232.jpg","jetpack_sharing_enabled":true,"jetpack_likes_enabled":true,"amp_enabled":true,"_links":{"self":[{"href":"https:\/\/encuentroinformativo.com.mx\/index.php?rest_route=\/wp\/v2\/posts\/60951","targetHints":{"allow":["GET"]}}],"collection":[{"href":"https:\/\/encuentroinformativo.com.mx\/index.php?rest_route=\/wp\/v2\/posts"}],"about":[{"href":"https:\/\/encuentroinformativo.com.mx\/index.php?rest_route=\/wp\/v2\/types\/post"}],"author":[{"embeddable":true,"href":"https:\/\/encuentroinformativo.com.mx\/index.php?rest_route=\/wp\/v2\/users\/2476"}],"replies":[{"embeddable":true,"href":"https:\/\/encuentroinformativo.com.mx\/index.php?rest_route=%2Fwp%2Fv2%2Fcomments&post=60951"}],"version-history":[{"count":1,"href":"https:\/\/encuentroinformativo.com.mx\/index.php?rest_route=\/wp\/v2\/posts\/60951\/revisions"}],"predecessor-version":[{"id":60953,"href":"https:\/\/encuentroinformativo.com.mx\/index.php?rest_route=\/wp\/v2\/posts\/60951\/revisions\/60953"}],"wp:featuredmedia":[{"embeddable":true,"href":"https:\/\/encuentroinformativo.com.mx\/index.php?rest_route=\/wp\/v2\/media\/60954"}],"wp:attachment":[{"href":"https:\/\/encuentroinformativo.com.mx\/index.php?rest_route=%2Fwp%2Fv2%2Fmedia&parent=60951"}],"wp:term":[{"taxonomy":"category","embeddable":true,"href":"https:\/\/encuentroinformativo.com.mx\/index.php?rest_route=%2Fwp%2Fv2%2Fcategories&post=60951"},{"taxonomy":"post_tag","embeddable":true,"href":"https:\/\/encuentroinformativo.com.mx\/index.php?rest_route=%2Fwp%2Fv2%2Ftags&post=60951"}],"curies":[{"name":"wp","href":"https:\/\/api.w.org\/{rel}","templated":true}]}}