{"id":60973,"date":"2024-11-20T12:33:52","date_gmt":"2024-11-20T18:33:52","guid":{"rendered":"https:\/\/encuentroinformativo.com.mx\/?p=60973"},"modified":"2024-11-20T12:33:59","modified_gmt":"2024-11-20T18:33:59","slug":"tres-detenidos-y-un-elementos-de-ssp-lesionado-tras-enfrentamiento-en-poza-rica","status":"publish","type":"post","link":"https:\/\/encuentroinformativo.com.mx\/?p=60973","title":{"rendered":"Tres detenidos y un elementos de SSP lesionado tras enfrentamiento en Poza Rica"},"content":{"rendered":"\n<p><strong>Dar\u00edo Pale <\/strong><\/p>\n\n\n\n<p>Xalapa, Ver.- El titular de la Secretar\u00eda de Seguridad P\u00fablica (SSP), Cuauht\u00e9moc Z\u00fa\u00f1iga Bonilla, dio a conocer que tras los hechos ocurridos la noche de este martes en el municipio de Poza Rica, confirm\u00f3 que hay un elemento de la dependencia lesionado y tres personas\u00a0 detenidas.<\/p>\n\n\n\n<p>Hay que referir que la noche de este martes se activ\u00f3 el C\u00f3digo Rojo tras las agresiones con arma de fuego a elementos de la SSP.<\/p>\n\n\n\n<p>Se hab\u00eda informado que eran cuatro las\u00a0 personas detenidas, adem\u00e1s del\u00a0 aseguramiento de armas de fuego.\u00a0<\/p>\n\n\n\n<p>Los hechos ocurrieron en el fraccionamiento Las Palmas de aquel municipio del norte de la entidad, en donde result\u00f3 lesionado uno de los elementos, adem\u00e1s del aseguramiento de armas de fuego, fueron incautados estupefacientes.<\/p>\n\n\n\n<p>Previo a su comparecencia ante el Congreso del Estado, el Secretario inform\u00f3 brevemente que hay tres detenidos, armas y drogas, adem\u00e1s confirm\u00f3 que el elemento lesionado est\u00e1 fuera de peligro.<\/p>\n","protected":false},"excerpt":{"rendered":"<p>Dar\u00edo Pale Xalapa, Ver.- El titular de la Secretar\u00eda de Seguridad P\u00fablica (SSP), Cuauht\u00e9moc Z\u00fa\u00f1iga Bonilla, dio a conocer que tras los hechos ocurridos la noche de este martes en el municipio de Poza Rica, confirm\u00f3 que hay un elemento de la dependencia lesionado y tres personas\u00a0 detenidas. Hay que referir que la noche de [&hellip;]<\/p>\n","protected":false},"author":2476,"featured_media":60974,"comment_status":"open","ping_status":"open","sticky":false,"template":"","format":"standard","meta":{"_jetpack_memberships_contains_paid_content":false,"footnotes":""},"categories":[14],"tags":[],"class_list":["post-60973","post","type-post","status-publish","format-standard","has-post-thumbnail","hentry","category-policiaca"],"jetpack_featured_media_url":"https:\/\/encuentroinformativo.com.mx\/wp-content\/uploads\/2024\/11\/IMG-20241120-WA0011.jpg","jetpack_sharing_enabled":true,"jetpack_likes_enabled":true,"amp_enabled":true,"_links":{"self":[{"href":"https:\/\/encuentroinformativo.com.mx\/index.php?rest_route=\/wp\/v2\/posts\/60973","targetHints":{"allow":["GET"]}}],"collection":[{"href":"https:\/\/encuentroinformativo.com.mx\/index.php?rest_route=\/wp\/v2\/posts"}],"about":[{"href":"https:\/\/encuentroinformativo.com.mx\/index.php?rest_route=\/wp\/v2\/types\/post"}],"author":[{"embeddable":true,"href":"https:\/\/encuentroinformativo.com.mx\/index.php?rest_route=\/wp\/v2\/users\/2476"}],"replies":[{"embeddable":true,"href":"https:\/\/encuentroinformativo.com.mx\/index.php?rest_route=%2Fwp%2Fv2%2Fcomments&post=60973"}],"version-history":[{"count":1,"href":"https:\/\/encuentroinformativo.com.mx\/index.php?rest_route=\/wp\/v2\/posts\/60973\/revisions"}],"predecessor-version":[{"id":60975,"href":"https:\/\/encuentroinformativo.com.mx\/index.php?rest_route=\/wp\/v2\/posts\/60973\/revisions\/60975"}],"wp:featuredmedia":[{"embeddable":true,"href":"https:\/\/encuentroinformativo.com.mx\/index.php?rest_route=\/wp\/v2\/media\/60974"}],"wp:attachment":[{"href":"https:\/\/encuentroinformativo.com.mx\/index.php?rest_route=%2Fwp%2Fv2%2Fmedia&parent=60973"}],"wp:term":[{"taxonomy":"category","embeddable":true,"href":"https:\/\/encuentroinformativo.com.mx\/index.php?rest_route=%2Fwp%2Fv2%2Fcategories&post=60973"},{"taxonomy":"post_tag","embeddable":true,"href":"https:\/\/encuentroinformativo.com.mx\/index.php?rest_route=%2Fwp%2Fv2%2Ftags&post=60973"}],"curies":[{"name":"wp","href":"https:\/\/api.w.org\/{rel}","templated":true}]}}