{"id":60982,"date":"2024-11-20T13:29:53","date_gmt":"2024-11-20T19:29:53","guid":{"rendered":"https:\/\/encuentroinformativo.com.mx\/?p=60982"},"modified":"2024-11-20T13:29:58","modified_gmt":"2024-11-20T19:29:58","slug":"veracruzana-que-representara-a-mexico-como-aspirante-a-reina-mundial-de-la-pina-ya-esta-en-colombia","status":"publish","type":"post","link":"https:\/\/encuentroinformativo.com.mx\/?p=60982","title":{"rendered":"Veracruzana que representar\u00e1 a M\u00e9xico como aspirante a Reina Mundial de la Pi\u00f1a ya est\u00e1 en Colombia"},"content":{"rendered":"\n<p><strong>Alejandro \u00c1vila<\/strong><\/p>\n\n\n\n<p>Veracruz, Ver.- La veracruzana, Montserrat Pereyra, ya se encuentra en Bucaramanga, Colombia, para representar a M\u00e9xico en el certamen de belleza Reina Mundial de la Pi\u00f1a.<\/p>\n\n\n\n<p>Montse Pereyra lleg\u00f3 a tierras colombianas y fue recibida por el director internacional del Reinado Mundial de la Pi\u00f1a, Juan Carlos Garc\u00eda, quien se mostr\u00f3 mostr\u00f3 emocionado de recibir a la representante de uno de los paises mas bello e importantes en la producci\u00f3n de pi\u00f1a<\/p>\n\n\n\n<p>Montse Pereyra inici\u00f3 su concentraci\u00f3n internacional junto con las representantes de Honduras, Brasil, Colombia, Per\u00fa, Ecuador, entre otros pa\u00edses que son productores y exportadores de pi\u00f1a como es el caso de M\u00e9xico.<\/p>\n\n\n\n<p>La participante mexicana trae consigo el patrocinio de ORIGNES, una de las empresas m\u00e1s importantes de M\u00e9xico en la producci\u00f3n y exportaci\u00f3n de pi\u00f1a.<\/p>\n\n\n\n<p>La gran final del certamen de belleza Reina Mundial de la Pi\u00f1a se realizar\u00e1 el domingo 24 de noviembre y se tiene la firme esperanza que la corona internacional la gane por primera vez una mexicana.<\/p>\n","protected":false},"excerpt":{"rendered":"<p>Alejandro \u00c1vila Veracruz, Ver.- La veracruzana, Montserrat Pereyra, ya se encuentra en Bucaramanga, Colombia, para representar a M\u00e9xico en el certamen de belleza Reina Mundial de la Pi\u00f1a. Montse Pereyra lleg\u00f3 a tierras colombianas y fue recibida por el director internacional del Reinado Mundial de la Pi\u00f1a, Juan Carlos Garc\u00eda, quien se mostr\u00f3 mostr\u00f3 emocionado [&hellip;]<\/p>\n","protected":false},"author":2476,"featured_media":60983,"comment_status":"open","ping_status":"open","sticky":false,"template":"","format":"standard","meta":{"_jetpack_memberships_contains_paid_content":false,"footnotes":""},"categories":[2],"tags":[],"class_list":["post-60982","post","type-post","status-publish","format-standard","has-post-thumbnail","hentry","category-estado"],"jetpack_featured_media_url":"https:\/\/encuentroinformativo.com.mx\/wp-content\/uploads\/2024\/11\/IMG-20241120-WA00572.jpg","jetpack_sharing_enabled":true,"jetpack_likes_enabled":true,"amp_enabled":true,"_links":{"self":[{"href":"https:\/\/encuentroinformativo.com.mx\/index.php?rest_route=\/wp\/v2\/posts\/60982","targetHints":{"allow":["GET"]}}],"collection":[{"href":"https:\/\/encuentroinformativo.com.mx\/index.php?rest_route=\/wp\/v2\/posts"}],"about":[{"href":"https:\/\/encuentroinformativo.com.mx\/index.php?rest_route=\/wp\/v2\/types\/post"}],"author":[{"embeddable":true,"href":"https:\/\/encuentroinformativo.com.mx\/index.php?rest_route=\/wp\/v2\/users\/2476"}],"replies":[{"embeddable":true,"href":"https:\/\/encuentroinformativo.com.mx\/index.php?rest_route=%2Fwp%2Fv2%2Fcomments&post=60982"}],"version-history":[{"count":1,"href":"https:\/\/encuentroinformativo.com.mx\/index.php?rest_route=\/wp\/v2\/posts\/60982\/revisions"}],"predecessor-version":[{"id":60984,"href":"https:\/\/encuentroinformativo.com.mx\/index.php?rest_route=\/wp\/v2\/posts\/60982\/revisions\/60984"}],"wp:featuredmedia":[{"embeddable":true,"href":"https:\/\/encuentroinformativo.com.mx\/index.php?rest_route=\/wp\/v2\/media\/60983"}],"wp:attachment":[{"href":"https:\/\/encuentroinformativo.com.mx\/index.php?rest_route=%2Fwp%2Fv2%2Fmedia&parent=60982"}],"wp:term":[{"taxonomy":"category","embeddable":true,"href":"https:\/\/encuentroinformativo.com.mx\/index.php?rest_route=%2Fwp%2Fv2%2Fcategories&post=60982"},{"taxonomy":"post_tag","embeddable":true,"href":"https:\/\/encuentroinformativo.com.mx\/index.php?rest_route=%2Fwp%2Fv2%2Ftags&post=60982"}],"curies":[{"name":"wp","href":"https:\/\/api.w.org\/{rel}","templated":true}]}}