{"id":60985,"date":"2024-11-20T13:39:44","date_gmt":"2024-11-20T19:39:44","guid":{"rendered":"https:\/\/encuentroinformativo.com.mx\/?p=60985"},"modified":"2024-11-20T13:39:51","modified_gmt":"2024-11-20T19:39:51","slug":"siempre-si-granjas-carroll-saldria-de-perote-sedecop","status":"publish","type":"post","link":"https:\/\/encuentroinformativo.com.mx\/?p=60985","title":{"rendered":"\u00a1Siempre s\u00ed! Granjas Carroll saldr\u00eda de Perote: SEDECOP"},"content":{"rendered":"\n<p><strong>Dar\u00edo Pale <\/strong><\/p>\n\n\n\n<p>Xalapa, Ver.- Reconoci\u00f3 que desconoc\u00eda la notificaci\u00f3n que le hab\u00eda hecho la Procuradur\u00eda del Medio Ambiente (PMA), a las Granjas Carroll, por lo que ayer hab\u00eda asegurado que no abandonar\u00edan Perote, ya que contradijo al secretario de gobierno quien se\u00f1al\u00f3 que si se ir\u00edan de dicho municipio, as\u00ed lo inform\u00f3 el titular de la Secretar\u00eda de Desarrollo Econ\u00f3mico y Portuario de Veracruz, Enrique Nach\u00f3n Garc\u00eda,\u00a0<\/p>\n\n\n\n<p>En entrevista dijo haber cometido un error cuando asegur\u00f3 que Granjas Carroll no abandonar\u00eda Perote, contradiciendo al secretario de gobierno Carlos Ju\u00e1rez Gil, \u201cayer lo coment\u00e9 mal o se malinterpret\u00f3, yo no conoc\u00eda la notificaci\u00f3n que le hab\u00eda hecho la PMA directamente a Granjas Carroll y entonces Granjas Carrol tiene dos; observa la notificaci\u00f3n que le dio la PMA o puede ir y acudir ante las instancias legales. La Secretar\u00eda de Desarrollo Econ\u00f3mico no es una instancia legal ni normativa que pueda aclarar\u201d.<\/p>\n\n\n\n<p>Cabe recordar que la indicaci\u00f3n de retirar la granja del territorio de Perote, se debi\u00f3 a las manifestaciones de pobladores de Totalco, quienes reclamaron la contaminaci\u00f3n de los mantos acu\u00edferos.\u00a0<\/p>\n\n\n\n<p>\u201cSi quiero aclarar que yo nunca dije que hab\u00eda mentido el secretario de gobierno y a \u00e9l asiste toda la raz\u00f3n, en todo caso yo soy el responsable de haber confundido\u201d, coment\u00f3.\u00a0<\/p>\n\n\n\n<p>En este sentido, dijo no tener m\u00e1s informaci\u00f3n respecto a este tema, pues la Secretar\u00eda a su cargo no tiene ninguna competencia.\u00a0<\/p>\n\n\n\n<p>Por otro lado, destac\u00f3 la inversi\u00f3n que podr\u00edan hacer en Veracruz empresas de Europa, Estados Unidos, Asia y Sudam\u00e9rica.<\/p>\n\n\n\n<p>Precis\u00f3 que no se pueden decir los nombres para no afectar las cotizaciones en la bolsa de valores, pero precis\u00f3 que son m\u00e1s de 20.<\/p>\n\n\n\n<p>&#8220;Tenemos 23 empresas que en este a\u00f1o estamos apoyando en el proceso de gestiones para todos los tr\u00e1mites que tienen que hacer y en el viaje reciente que hicimos de promoci\u00f3n a Veracruz, hay 25 empresas europeas que quieren llegar aqu\u00ed y tenemos comunicaci\u00f3n con algunas empresas asi\u00e1ticas, de Estados Unidos y con dos o tres empresas del sur del continente&#8221;.\u00a0<\/p>\n\n\n\n<p>Destac\u00f3 la creaci\u00f3n de la Comisi\u00f3n de Fomento a la Inversi\u00f3n para que todas las empresas cumplieran puntualmente todo el marco legal en temas laborales y\u00a0 ambientales al llegar a la entidad veracruzana.<\/p>\n\n\n\n<p>&#8220;Eso permite que las empresas que lleguen de alguna forma est\u00e9n blindando ellas mismas su actividad y al estado el respeto del marco normativo y eso es lo que estamos haciendo&#8221;.\u00a0<\/p>\n\n\n\n<p>Por \u00faltimo destac\u00f3 que se buscan inversiones &#8220;que vengan a generar empleo, que vengan a generar derrama econ\u00f3mica, que vengan a hacerle el bien a Veracruz y todas hasta hoy lo est\u00e1n haciendo&#8221;.<\/p>\n","protected":false},"excerpt":{"rendered":"<p>Dar\u00edo Pale Xalapa, Ver.- Reconoci\u00f3 que desconoc\u00eda la notificaci\u00f3n que le hab\u00eda hecho la Procuradur\u00eda del Medio Ambiente (PMA), a las Granjas Carroll, por lo que ayer hab\u00eda asegurado que no abandonar\u00edan Perote, ya que contradijo al secretario de gobierno quien se\u00f1al\u00f3 que si se ir\u00edan de dicho municipio, as\u00ed lo inform\u00f3 el titular de [&hellip;]<\/p>\n","protected":false},"author":2476,"featured_media":60986,"comment_status":"open","ping_status":"open","sticky":false,"template":"","format":"standard","meta":{"_jetpack_memberships_contains_paid_content":false,"footnotes":""},"categories":[2],"tags":[],"class_list":["post-60985","post","type-post","status-publish","format-standard","has-post-thumbnail","hentry","category-estado"],"jetpack_featured_media_url":"https:\/\/encuentroinformativo.com.mx\/wp-content\/uploads\/2024\/11\/IMG-20241120-WA00642.jpg","jetpack_sharing_enabled":true,"jetpack_likes_enabled":true,"amp_enabled":true,"_links":{"self":[{"href":"https:\/\/encuentroinformativo.com.mx\/index.php?rest_route=\/wp\/v2\/posts\/60985","targetHints":{"allow":["GET"]}}],"collection":[{"href":"https:\/\/encuentroinformativo.com.mx\/index.php?rest_route=\/wp\/v2\/posts"}],"about":[{"href":"https:\/\/encuentroinformativo.com.mx\/index.php?rest_route=\/wp\/v2\/types\/post"}],"author":[{"embeddable":true,"href":"https:\/\/encuentroinformativo.com.mx\/index.php?rest_route=\/wp\/v2\/users\/2476"}],"replies":[{"embeddable":true,"href":"https:\/\/encuentroinformativo.com.mx\/index.php?rest_route=%2Fwp%2Fv2%2Fcomments&post=60985"}],"version-history":[{"count":1,"href":"https:\/\/encuentroinformativo.com.mx\/index.php?rest_route=\/wp\/v2\/posts\/60985\/revisions"}],"predecessor-version":[{"id":60987,"href":"https:\/\/encuentroinformativo.com.mx\/index.php?rest_route=\/wp\/v2\/posts\/60985\/revisions\/60987"}],"wp:featuredmedia":[{"embeddable":true,"href":"https:\/\/encuentroinformativo.com.mx\/index.php?rest_route=\/wp\/v2\/media\/60986"}],"wp:attachment":[{"href":"https:\/\/encuentroinformativo.com.mx\/index.php?rest_route=%2Fwp%2Fv2%2Fmedia&parent=60985"}],"wp:term":[{"taxonomy":"category","embeddable":true,"href":"https:\/\/encuentroinformativo.com.mx\/index.php?rest_route=%2Fwp%2Fv2%2Fcategories&post=60985"},{"taxonomy":"post_tag","embeddable":true,"href":"https:\/\/encuentroinformativo.com.mx\/index.php?rest_route=%2Fwp%2Fv2%2Ftags&post=60985"}],"curies":[{"name":"wp","href":"https:\/\/api.w.org\/{rel}","templated":true}]}}