{"id":60999,"date":"2024-11-20T19:21:31","date_gmt":"2024-11-21T01:21:31","guid":{"rendered":"https:\/\/encuentroinformativo.com.mx\/?p=60999"},"modified":"2024-11-20T19:22:34","modified_gmt":"2024-11-21T01:22:34","slug":"vigila-secretaria-del-trabajo-posible-liquidacion-de-trabajadores-de-granjas-carroll","status":"publish","type":"post","link":"https:\/\/encuentroinformativo.com.mx\/?p=60999","title":{"rendered":"Vigila Secretar\u00eda del Trabajo posible liquidaci\u00f3n de trabajadores de Granjas Carroll"},"content":{"rendered":"\n<p><strong>Dar\u00edo Pale <\/strong><\/p>\n\n\n\n<p>Xalapa, Ver.- La salida de la empresa Granjas Carroll de Veracruz impactar\u00e1 directamente a alrededor de 90 empleados, as\u00ed lo reconoci\u00f3 la titular de la Secretar\u00eda del Trabajo, Previsi\u00f3n Social y Productividad (STPSyP), Yoshadara Landa.<\/p>\n\n\n\n<p id=\"m_6713368505805640m_-7993919169296075035docs-internal-guid-5d2251e0-7fff-2057-1b85-e2402afb1cc0\">En entrevista se\u00f1al\u00f3 que la STPSyP est\u00e1 atenta de trabajadores de Granjas Carroll para sus finiquitos correspondientes; se les otorgar\u00e1 todo el respaldo legal.<\/p>\n\n\n\n<p id=\"m_6713368505805640m_-7993919169296075035docs-internal-guid-5d2251e0-7fff-2057-1b85-e2402afb1cc0\">Aunque la empresa opera principalmente en el estado de Puebla, la funcionaria destac\u00f3 que se mantendr\u00e1n atentos para brindar respaldo a los trabajadores afectados.<\/p>\n\n\n\n<p id=\"m_6713368505805640m_-7993919169296075035docs-internal-guid-5d2251e0-7fff-2057-1b85-e2402afb1cc0\">\u201cGranjas Carroll opera mayormente en Puebla. Aqu\u00ed en Veracruz tenemos alrededor de 90 trabajadores vinculados a esta empresa. Por eso estamos proporcionando asesor\u00edas sobre sus derechos laborales para garantizar que la empresa cumpla con todas sus obligaciones,\u201d explic\u00f3.<\/p>\n\n\n\n<p id=\"m_6713368505805640m_-7993919169296075035docs-internal-guid-5d2251e0-7fff-2057-1b85-e2402afb1cc0\">Dijo que la dependencia se ha mantenido al tanto de la situaci\u00f3n.<\/p>\n\n\n\n<p id=\"m_6713368505805640m_-7993919169296075035docs-internal-guid-5d2251e0-7fff-2057-1b85-e2402afb1cc0\">Asimismo, dio a conocer que se est\u00e1n llevando a cabo conversaciones con empresas de la regi\u00f3n de Perote para capacitarlas y explorar alternativas de empleo para los trabajadores afectados.<\/p>\n\n\n\n<p id=\"m_6713368505805640m_-7993919169296075035docs-internal-guid-5d2251e0-7fff-2057-1b85-e2402afb1cc0\">\u201cTambi\u00e9n se buscar\u00e1 integrarlos al programa federal J\u00f3venes Construyendo el Futuro como una medida adicional para mitigar los efectos de la salida de la empresa\u201d, coment\u00f3.<\/p>\n\n\n\n<p id=\"m_6713368505805640m_-7993919169296075035docs-internal-guid-5d2251e0-7fff-2057-1b85-e2402afb1cc0\">Paralelamente, inform\u00f3 que procuradores de la defensa del trabajo ser\u00e1n enviados para asesorar a los empleados sobre el c\u00e1lculo de liquidaciones y otros derechos relacionados con sus a\u00f1os de servicio.<\/p>\n\n\n\n<p id=\"m_6713368505805640m_-7993919169296075035docs-internal-guid-5d2251e0-7fff-2057-1b85-e2402afb1cc0\">Coment\u00f3 que a\u00fan no se ha definido la fecha exacta en la que Granjas Carroll cerrar\u00e1 operaciones en la entidad Veracruzana.<\/p>\n\n\n\n<p id=\"m_6713368505805640m_-7993919169296075035docs-internal-guid-5d2251e0-7fff-2057-1b85-e2402afb1cc0\">Por \u00faltimo se\u00f1al\u00f3 que, \u201cseguiremos vigilando de cerca el proceso para garantizar que los derechos laborales de los trabajadores sean respetados. Estamos aqu\u00ed para apoyar a los empleados en lo que necesiten y asegurarnos de que reciban lo que corresponde conforme a la ley\u201d.<\/p>\n","protected":false},"excerpt":{"rendered":"<p>Dar\u00edo Pale Xalapa, Ver.- La salida de la empresa Granjas Carroll de Veracruz impactar\u00e1 directamente a alrededor de 90 empleados, as\u00ed lo reconoci\u00f3 la titular de la Secretar\u00eda del Trabajo, Previsi\u00f3n Social y Productividad (STPSyP), Yoshadara Landa. En entrevista se\u00f1al\u00f3 que la STPSyP est\u00e1 atenta de trabajadores de Granjas Carroll para sus finiquitos correspondientes; se [&hellip;]<\/p>\n","protected":false},"author":2476,"featured_media":61001,"comment_status":"open","ping_status":"open","sticky":false,"template":"","format":"standard","meta":{"_jetpack_memberships_contains_paid_content":false,"footnotes":""},"categories":[8],"tags":[],"class_list":["post-60999","post","type-post","status-publish","format-standard","has-post-thumbnail","hentry","category-region"],"jetpack_featured_media_url":"https:\/\/encuentroinformativo.com.mx\/wp-content\/uploads\/2024\/11\/IMG-20241120-WA0099-1.jpg","jetpack_sharing_enabled":true,"jetpack_likes_enabled":true,"amp_enabled":true,"_links":{"self":[{"href":"https:\/\/encuentroinformativo.com.mx\/index.php?rest_route=\/wp\/v2\/posts\/60999","targetHints":{"allow":["GET"]}}],"collection":[{"href":"https:\/\/encuentroinformativo.com.mx\/index.php?rest_route=\/wp\/v2\/posts"}],"about":[{"href":"https:\/\/encuentroinformativo.com.mx\/index.php?rest_route=\/wp\/v2\/types\/post"}],"author":[{"embeddable":true,"href":"https:\/\/encuentroinformativo.com.mx\/index.php?rest_route=\/wp\/v2\/users\/2476"}],"replies":[{"embeddable":true,"href":"https:\/\/encuentroinformativo.com.mx\/index.php?rest_route=%2Fwp%2Fv2%2Fcomments&post=60999"}],"version-history":[{"count":1,"href":"https:\/\/encuentroinformativo.com.mx\/index.php?rest_route=\/wp\/v2\/posts\/60999\/revisions"}],"predecessor-version":[{"id":61002,"href":"https:\/\/encuentroinformativo.com.mx\/index.php?rest_route=\/wp\/v2\/posts\/60999\/revisions\/61002"}],"wp:featuredmedia":[{"embeddable":true,"href":"https:\/\/encuentroinformativo.com.mx\/index.php?rest_route=\/wp\/v2\/media\/61001"}],"wp:attachment":[{"href":"https:\/\/encuentroinformativo.com.mx\/index.php?rest_route=%2Fwp%2Fv2%2Fmedia&parent=60999"}],"wp:term":[{"taxonomy":"category","embeddable":true,"href":"https:\/\/encuentroinformativo.com.mx\/index.php?rest_route=%2Fwp%2Fv2%2Fcategories&post=60999"},{"taxonomy":"post_tag","embeddable":true,"href":"https:\/\/encuentroinformativo.com.mx\/index.php?rest_route=%2Fwp%2Fv2%2Ftags&post=60999"}],"curies":[{"name":"wp","href":"https:\/\/api.w.org\/{rel}","templated":true}]}}