{"id":61,"date":"2020-02-25T01:17:07","date_gmt":"2020-02-25T07:17:07","guid":{"rendered":"https:\/\/encuentroinformativodotcomdotmx.wordpress.com\/2020\/02\/25\/porsinoloviste-diputado-pide-investigar-a-fondo-enfrentamientos-en-cordoba\/"},"modified":"2020-02-25T01:17:07","modified_gmt":"2020-02-25T07:17:07","slug":"porsinoloviste-diputado-pide-investigar-a-fondo-enfrentamientos-en-cordoba","status":"publish","type":"post","link":"https:\/\/encuentroinformativo.com.mx\/?p=61","title":{"rendered":"Diputado pide investigar \u201ca fondo\u201d enfrentamientos en C\u00f3rdoba"},"content":{"rendered":"<div dir=\"auto\" style=\"color:rgb(49,49,49);font-family:-apple-system, HelveticaNeue;font-style:normal;font-variant-caps:normal;font-weight:normal;letter-spacing:normal;orphans:auto;text-align:start;text-indent:0;text-transform:none;white-space:normal;widows:auto;word-spacing:1px;-webkit-text-size-adjust:auto;text-decoration:none;font-size:1rem;\"><strong>Dar\u00edo Pale <\/strong><\/div>\n<div dir=\"auto\" style=\"color:rgb(49,49,49);font-family:-apple-system, HelveticaNeue;font-style:normal;font-variant-caps:normal;font-weight:normal;letter-spacing:normal;orphans:auto;text-align:start;text-indent:0;text-transform:none;white-space:normal;widows:auto;word-spacing:1px;-webkit-text-size-adjust:auto;text-decoration:none;font-size:1rem;\">Xalapa, Ver.- El presidente de la mesa directiva del Congreso del Estado de Veracruz, Rub\u00e9n R\u00edos Uribe dio a conocer que en lo que respecta a la balacera donde cuatro polic\u00edas fueron asesinados la ciudad de C\u00f3rdoba, \u201cque se investigue si hay corrupci\u00f3n donde lamentablemente perdieron la vida estos elementos\u201d.<\/div>\n<div dir=\"auto\" style=\"color:rgb(49,49,49);font-family:-apple-system, HelveticaNeue;font-size:16px;font-style:normal;font-variant-caps:normal;font-weight:normal;letter-spacing:normal;orphans:auto;text-align:start;text-indent:0;text-transform:none;white-space:normal;widows:auto;word-spacing:1px;-webkit-text-size-adjust:auto;text-decoration:none;\">El primer ataque ocurri\u00f3 a las 16:00 horas en la torre de vigilancia policial ubicada en el bulevar C\u00f3rdoba-Fortin, pero tambi\u00e9n hubo un segundo ataque a una patrulla de polic\u00edas en el camino real \u201cLa Luz-Palotal\u201d cerca de villas de San Isidro.<\/div>\n<div dir=\"auto\" style=\"color:rgb(49,49,49);font-family:-apple-system, HelveticaNeue;font-size:16px;font-style:normal;font-variant-caps:normal;font-weight:normal;letter-spacing:normal;orphans:auto;text-align:start;text-indent:0;text-transform:none;white-space:normal;widows:auto;word-spacing:1px;-webkit-text-size-adjust:auto;text-decoration:none;\">Por lo que el Legislador del Distrito de C\u00f3rdoba lament\u00f3 los hechos violentos y la p\u00e9rdida de vidas de los elementos de seguridad, \u201cvamos a hacer una investigaci\u00f3n a fondo y que no quede impune, que haya justicia\u201d.<\/div>\n<div dir=\"auto\" style=\"color:rgb(49,49,49);font-family:-apple-system, HelveticaNeue;font-size:16px;font-style:normal;font-variant-caps:normal;font-weight:normal;letter-spacing:normal;orphans:auto;text-align:start;text-indent:0;text-transform:none;white-space:normal;widows:auto;word-spacing:1px;-webkit-text-size-adjust:auto;text-decoration:none;\">En otro orden de ideas coment\u00f3 que, desde el Congreso del Estado se le dar\u00e1 las facilidades a las mujeres que deseen sumarse al \u201cUn d\u00eda sin mujeres\u201d programado para el d\u00eda 09 de marzo.<\/div>\n<div dir=\"auto\" style=\"color:rgb(49,49,49);font-family:-apple-system, HelveticaNeue;font-size:16px;font-style:normal;font-variant-caps:normal;font-weight:normal;letter-spacing:normal;orphans:auto;text-align:start;text-indent:0;text-transform:none;white-space:normal;widows:auto;word-spacing:1px;-webkit-text-size-adjust:auto;text-decoration:none;\">&#8220;Pensamos que debemos empoderar a las mujeres en los espacios p\u00fablicos, debemos empoderarlas a las calles y no est\u00e9n resguardadas\u201d, dio a conocer el diputado local.<\/div>\n<div dir=\"auto\" style=\"color:rgb(49,49,49);font-family:-apple-system, HelveticaNeue;font-size:16px;font-style:normal;font-variant-caps:normal;font-weight:normal;letter-spacing:normal;orphans:auto;text-align:start;text-indent:0;text-transform:none;white-space:normal;widows:auto;word-spacing:1px;-webkit-text-size-adjust:auto;text-decoration:none;\">Asegur\u00f3 que las empleadas de la Legislatura que quieran participar no tendr\u00e1n problemas en sus \u00e1reas laborales porque como Diputados, dijo que ser\u00e1n respetuosos \u201crespetamos esa posici\u00f3n, pero no la compartimos\u201d.<\/div>\n<div dir=\"auto\" style=\"color:rgb(49,49,49);font-family:-apple-system, HelveticaNeue;font-style:normal;font-variant-caps:normal;font-weight:normal;letter-spacing:normal;orphans:auto;text-align:start;text-indent:0;text-transform:none;white-space:normal;widows:auto;word-spacing:1px;-webkit-text-size-adjust:auto;text-decoration:none;font-size:1rem;\">se investigue si hay corrupci\u00f3n donde lamentablemente perdieron la vida estos elementos\u201d.<\/div>\n<div dir=\"auto\" style=\"color:rgb(49,49,49);font-family:-apple-system, HelveticaNeue;font-style:normal;font-variant-caps:normal;font-weight:normal;letter-spacing:normal;orphans:auto;text-align:start;text-indent:0;text-transform:none;white-space:normal;widows:auto;word-spacing:1px;-webkit-text-size-adjust:auto;text-decoration:none;font-size:1rem;\">El primer ataque ocurri\u00f3 a las 16:00 horas en la torre de vigilancia policial ubicada en el bulevar C\u00f3rdoba-Fortin, pero tambi\u00e9n hubo un segundo ataque a una patrulla de polic\u00edas en el camino real \u201cLa Luz-Palotal\u201d cerca de villas de San Isidro.<\/div>\n<div dir=\"auto\" style=\"color:rgb(49,49,49);font-family:-apple-system, HelveticaNeue;font-style:normal;font-variant-caps:normal;font-weight:normal;letter-spacing:normal;orphans:auto;text-align:start;text-indent:0;text-transform:none;white-space:normal;widows:auto;word-spacing:1px;-webkit-text-size-adjust:auto;text-decoration:none;font-size:1rem;\">Por lo que el Legislador del Distrito de C\u00f3rdoba lament\u00f3 los hechos violentos y la p\u00e9rdida de vidas de los elementos de seguridad, \u201cVamos a hacer una investigaci\u00f3n a fondo y que no quede impune, que haya justicia\u201d.<\/div>\n<div dir=\"auto\" style=\"color:rgb(49,49,49);font-family:-apple-system, HelveticaNeue;font-style:normal;font-variant-caps:normal;font-weight:normal;letter-spacing:normal;orphans:auto;text-align:start;text-indent:0;text-transform:none;white-space:normal;widows:auto;word-spacing:1px;-webkit-text-size-adjust:auto;text-decoration:none;font-size:1rem;\">En otro orden de ideas coment\u00f3 que, desde el Congreso del Estado se le dar\u00e1 las facilidades a las mujeres que deseen sumarse al \u201cUn d\u00eda sin mujeres\u201d programado para el d\u00eda 09 de marzo.<\/div>\n<div dir=\"auto\" style=\"color:rgb(49,49,49);font-family:-apple-system, HelveticaNeue;font-style:normal;font-variant-caps:normal;font-weight:normal;letter-spacing:normal;orphans:auto;text-align:start;text-indent:0;text-transform:none;white-space:normal;widows:auto;word-spacing:1px;-webkit-text-size-adjust:auto;text-decoration:none;font-size:1rem;\">\u201cPensamos que debemos empoderar a las mujeres en los espacios p\u00fablicos, debemos empoderarlas a las calles y no est\u00e9n resguardadas\u201d, dio a conocer el diputado local.<\/div>\n<div dir=\"auto\" style=\"color:rgb(49,49,49);font-family:-apple-system, HelveticaNeue;font-style:normal;font-variant-caps:normal;font-weight:normal;letter-spacing:normal;orphans:auto;text-align:start;text-indent:0;text-transform:none;white-space:normal;widows:auto;word-spacing:1px;-webkit-text-size-adjust:auto;text-decoration:none;font-size:1rem;\">Asegur\u00f3 que las empleadas de la Legislatura que quieran participar no tendr\u00e1n problemas en sus \u00e1reas laborales porque como Diputados, dijo que ser\u00e1n respetuosos \u201crespetamos esa posici\u00f3n, pero no la compartimos\u201d.<\/div>\n","protected":false},"excerpt":{"rendered":"<p>Dar\u00edo Pale Xalapa, Ver.- El presidente de la mesa directiva del Congreso del Estado de Veracruz, Rub\u00e9n R\u00edos Uribe dio a conocer que en lo que respecta a la balacera donde cuatro polic\u00edas fueron asesinados la ciudad de C\u00f3rdoba, \u201cque se investigue si hay corrupci\u00f3n donde lamentablemente perdieron la vida estos elementos\u201d. El primer ataque [&hellip;]<\/p>\n","protected":false},"author":1,"featured_media":58,"comment_status":"open","ping_status":"open","sticky":false,"template":"","format":"standard","meta":{"_jetpack_memberships_contains_paid_content":false,"footnotes":""},"categories":[2],"tags":[],"class_list":["post-61","post","type-post","status-publish","format-standard","has-post-thumbnail","hentry","category-estado"],"jetpack_featured_media_url":"https:\/\/encuentroinformativo.com.mx\/wp-content\/uploads\/2020\/02\/img_7341.jpg","jetpack_sharing_enabled":true,"jetpack_likes_enabled":true,"amp_enabled":true,"_links":{"self":[{"href":"https:\/\/encuentroinformativo.com.mx\/index.php?rest_route=\/wp\/v2\/posts\/61","targetHints":{"allow":["GET"]}}],"collection":[{"href":"https:\/\/encuentroinformativo.com.mx\/index.php?rest_route=\/wp\/v2\/posts"}],"about":[{"href":"https:\/\/encuentroinformativo.com.mx\/index.php?rest_route=\/wp\/v2\/types\/post"}],"author":[{"embeddable":true,"href":"https:\/\/encuentroinformativo.com.mx\/index.php?rest_route=\/wp\/v2\/users\/1"}],"replies":[{"embeddable":true,"href":"https:\/\/encuentroinformativo.com.mx\/index.php?rest_route=%2Fwp%2Fv2%2Fcomments&post=61"}],"version-history":[{"count":0,"href":"https:\/\/encuentroinformativo.com.mx\/index.php?rest_route=\/wp\/v2\/posts\/61\/revisions"}],"wp:featuredmedia":[{"embeddable":true,"href":"https:\/\/encuentroinformativo.com.mx\/index.php?rest_route=\/wp\/v2\/media\/58"}],"wp:attachment":[{"href":"https:\/\/encuentroinformativo.com.mx\/index.php?rest_route=%2Fwp%2Fv2%2Fmedia&parent=61"}],"wp:term":[{"taxonomy":"category","embeddable":true,"href":"https:\/\/encuentroinformativo.com.mx\/index.php?rest_route=%2Fwp%2Fv2%2Fcategories&post=61"},{"taxonomy":"post_tag","embeddable":true,"href":"https:\/\/encuentroinformativo.com.mx\/index.php?rest_route=%2Fwp%2Fv2%2Ftags&post=61"}],"curies":[{"name":"wp","href":"https:\/\/api.w.org\/{rel}","templated":true}]}}