{"id":61005,"date":"2024-11-20T21:10:30","date_gmt":"2024-11-21T03:10:30","guid":{"rendered":"https:\/\/encuentroinformativo.com.mx\/?p=61005"},"modified":"2024-11-20T21:10:36","modified_gmt":"2024-11-21T03:10:36","slug":"alcalde-jm-unanue-da-certeza-juridica-a-ciudadanos-de-la-ampliacion-miguel-aleman","status":"publish","type":"post","link":"https:\/\/encuentroinformativo.com.mx\/?p=61005","title":{"rendered":"Alcalde JM Un\u00e1nue da certeza jur\u00eddica a ciudadanos de la Ampliaci\u00f3n Miguel Alem\u00e1n"},"content":{"rendered":"\n<p><strong><em>* El mun\u00edcipe boque\u00f1o entreg\u00f3 escrituras a residentes que por a\u00f1os ten\u00edan su lote como ejido.<\/em><\/strong><\/p>\n\n\n\n<p>Boca del R\u00edo, Ver.- El alcalde de Boca del R\u00edo, Juan Manuel Un\u00e1nue Abascal, entreg\u00f3 29 escrituras a vecinos beneficiados de la colonia Ampliaci\u00f3n Miguel Alem\u00e1n, obteniendo certeza jur\u00eddica de la propiedad donde viven.<\/p>\n\n\n\n<p>Con el marco del patio central del Palacio Municipal, el mun\u00edcipe boque\u00f1o enfatiz\u00f3 que este logro social es gracias al esfuerzo de su gobierno y el ejidatario.<\/p>\n\n\n\n<p>\u201cEste es uno de los eventos m\u00e1s significativos que uno tiene como presidente municipal, el esfuerzo que conlleva todo esto, todo el tr\u00e1mite, el conjunto de voluntades que hay en ambas partes, gobierno, el ejidatario y toda la tramitolog\u00eda, y sobre todo los a\u00f1os de espera que tuvieron que pasar estas familias para tener certeza jur\u00eddica en su patrimonio.<\/p>\n\n\n\n<p>\u201cReitero, este momento es muy significativo para mi, que 29 familias de esta ciudad ya tienen certeza jur\u00eddica y tienen ya un pedacito de lo mejor de Veracruz que es Boca Del R\u00edo\u201d, expres\u00f3 el Un\u00e1nue Abascal.<\/p>\n\n\n\n<p>Asimismo destac\u00f3 que se cuenta con el registro de una de las vecinas beneficiadas que comprob\u00f3 que contaba con 29 a\u00f1os de residencia en el lugar y apenas obtuvo sus escrituras, por otra parte Do\u00f1a Juanita, con 20 a\u00f1os de vivir en la colonia, quien le refiri\u00f3, \u201cya no le voy a reclamar nada, usted me hizo la calle, me puso mi tope y me est\u00e1 entregando mis escrituras\u201d.<\/p>\n\n\n\n<p>Un\u00e1nue Abascal record\u00f3 que la Ampliaci\u00f3n Miguel Alem\u00e1n es una de las zonas que requer\u00edan de mayor atenci\u00f3n ante la falta de infraestructura, pero que desde las \u00faltimas administraciones ha crecido, y ahora en el 2024, las familias viven mejor.<\/p>\n\n\n\n<p>El Presidente Municipal estuvo acompa\u00f1ado por la se\u00f1ora Melina Rivera de Un\u00e1nue, Presidenta del DIF de Boca del R\u00edo, quien tambi\u00e9n felicit\u00f3 a los favorecidos.<\/p>\n\n\n\n<p>En tanto, Roberto Valerio Santiago, quien es el Ejidatario, agradeci\u00f3 al Presidente Municipal por facilitar el tr\u00e1mite de las escrituras con el que se beneficia a colonos de la Ampliaci\u00f3n Miguel Alem\u00e1n.<\/p>\n\n\n\n<p>\u201cMuchas gracias por facilitar el tr\u00e1mite de las escrituras, este documento da certeza jur\u00eddica de los terrenos y da tranquilidad de la propiedad y el patrimonio de las familias. Cabe recordar que viv\u00edamos con carencias, falta de servicios, no ten\u00edamos agua ni luz, guarniciones ni banquetas y todo esto se ha ido transformando\u201d, dijo el beneficiado.<\/p>\n\n\n\n<p>Eloisa Garc\u00eda Cruz, otra de las beneficiadas, resalt\u00f3 que despu\u00e9s de muchos a\u00f1os y distintas administraciones municipales al fin lograron obtener sus escrituras que los acredita como leg\u00edtimos due\u00f1os de \u201cun pedacito de nuestro hermoso municipio de Boca del R\u00edo donde nac\u00ed, crec\u00ed y tengo a mis hijos\u201d, mencion\u00f3.<\/p>\n\n\n\n<p>Durante la entrega de escrituras estuvieron presentes Susana Tiburcio Galicia, S\u00edndica \u00danica, Rafael Cuenca Campa, regidor primero y Edgar Orozco B\u00e1ez, Director de Planeaci\u00f3n Urbana y Obra P\u00fablica.<\/p>\n","protected":false},"excerpt":{"rendered":"<p>* El mun\u00edcipe boque\u00f1o entreg\u00f3 escrituras a residentes que por a\u00f1os ten\u00edan su lote como ejido. Boca del R\u00edo, Ver.- El alcalde de Boca del R\u00edo, Juan Manuel Un\u00e1nue Abascal, entreg\u00f3 29 escrituras a vecinos beneficiados de la colonia Ampliaci\u00f3n Miguel Alem\u00e1n, obteniendo certeza jur\u00eddica de la propiedad donde viven. Con el marco del patio [&hellip;]<\/p>\n","protected":false},"author":2476,"featured_media":61006,"comment_status":"open","ping_status":"open","sticky":false,"template":"","format":"standard","meta":{"_jetpack_memberships_contains_paid_content":false,"footnotes":""},"categories":[2],"tags":[],"class_list":["post-61005","post","type-post","status-publish","format-standard","has-post-thumbnail","hentry","category-estado"],"jetpack_featured_media_url":"https:\/\/encuentroinformativo.com.mx\/wp-content\/uploads\/2024\/11\/IMG-20241120-WA0154.jpg","jetpack_sharing_enabled":true,"jetpack_likes_enabled":true,"amp_enabled":true,"_links":{"self":[{"href":"https:\/\/encuentroinformativo.com.mx\/index.php?rest_route=\/wp\/v2\/posts\/61005","targetHints":{"allow":["GET"]}}],"collection":[{"href":"https:\/\/encuentroinformativo.com.mx\/index.php?rest_route=\/wp\/v2\/posts"}],"about":[{"href":"https:\/\/encuentroinformativo.com.mx\/index.php?rest_route=\/wp\/v2\/types\/post"}],"author":[{"embeddable":true,"href":"https:\/\/encuentroinformativo.com.mx\/index.php?rest_route=\/wp\/v2\/users\/2476"}],"replies":[{"embeddable":true,"href":"https:\/\/encuentroinformativo.com.mx\/index.php?rest_route=%2Fwp%2Fv2%2Fcomments&post=61005"}],"version-history":[{"count":1,"href":"https:\/\/encuentroinformativo.com.mx\/index.php?rest_route=\/wp\/v2\/posts\/61005\/revisions"}],"predecessor-version":[{"id":61007,"href":"https:\/\/encuentroinformativo.com.mx\/index.php?rest_route=\/wp\/v2\/posts\/61005\/revisions\/61007"}],"wp:featuredmedia":[{"embeddable":true,"href":"https:\/\/encuentroinformativo.com.mx\/index.php?rest_route=\/wp\/v2\/media\/61006"}],"wp:attachment":[{"href":"https:\/\/encuentroinformativo.com.mx\/index.php?rest_route=%2Fwp%2Fv2%2Fmedia&parent=61005"}],"wp:term":[{"taxonomy":"category","embeddable":true,"href":"https:\/\/encuentroinformativo.com.mx\/index.php?rest_route=%2Fwp%2Fv2%2Fcategories&post=61005"},{"taxonomy":"post_tag","embeddable":true,"href":"https:\/\/encuentroinformativo.com.mx\/index.php?rest_route=%2Fwp%2Fv2%2Ftags&post=61005"}],"curies":[{"name":"wp","href":"https:\/\/api.w.org\/{rel}","templated":true}]}}