{"id":61019,"date":"2024-11-21T11:22:51","date_gmt":"2024-11-21T17:22:51","guid":{"rendered":"https:\/\/encuentroinformativo.com.mx\/?p=61019"},"modified":"2024-11-21T11:23:02","modified_gmt":"2024-11-21T17:23:02","slug":"pc-de-poza-rica-salva-a-jovenes-de-morir-ahogados-en-rio-cazones","status":"publish","type":"post","link":"https:\/\/encuentroinformativo.com.mx\/?p=61019","title":{"rendered":"PC de Poza Rica salva a j\u00f3venes de morir ahogados en r\u00edo Cazones"},"content":{"rendered":"\n<p><strong>Alejandro \u00c1vila<\/strong><\/p>\n\n\n\n<p>Poza Rica, Ver.- La tarde noche de este mi\u00e9rcoles elementos de Protecci\u00f3n Civil de Poza Rica lograron el rescate de dos personas que estuvieron a punto de perecer ahogados por el afluente del r\u00edo Cazones.<\/p>\n\n\n\n<p>Alrededor de las 5 de la tarde de este mi\u00e9rcoles se dio a conocer a los cuerpos de emergencia que dos sujetos se encontraban inmersos en el r\u00edo Cazones sin posibilidad de salir del mismo, por lo cual el director de Protecci\u00f3n Civil, Carlos Escudero Alarc\u00f3n, en compa\u00f1\u00eda de su equipo se dirigieron al punto y emplearon una estrategia de rescate para lograr salvar la vida de estas dos personas.<\/p>\n\n\n\n<p>Uno de los hombres rescatados fue identificado como Guillermo &#8220;N&#8221; de 33 a\u00f1os, quien iba en compa\u00f1\u00eda de su cu\u00f1ado de aproximadamente 27 a\u00f1os, los cuales ingresaron al r\u00edo Cazones a la altura de la colonia Morelos y fueron sorprendidos por un golpe de agua que les imped\u00eda llegar a la orilla; hasta el momento se desconoce el motivo del por qu\u00e9 estos sujetos ingresaron al afluyente, a sabiendas del riesgo que corr\u00edan por las intensas lluvias que se suscitaron durante la madrugada y ma\u00f1ana del d\u00eda 20 de noviembre.<\/p>\n\n\n\n<p>Los dos sujetos fueron atendidos de inmediato por cuerpos de emergencia. De igual forma, Carlos Escudero y su equipo tambi\u00e9n recibieron la valoraci\u00f3n correspondiente por param\u00e9dicos.<\/p>\n","protected":false},"excerpt":{"rendered":"<p>Alejandro \u00c1vila Poza Rica, Ver.- La tarde noche de este mi\u00e9rcoles elementos de Protecci\u00f3n Civil de Poza Rica lograron el rescate de dos personas que estuvieron a punto de perecer ahogados por el afluente del r\u00edo Cazones. Alrededor de las 5 de la tarde de este mi\u00e9rcoles se dio a conocer a los cuerpos de [&hellip;]<\/p>\n","protected":false},"author":2476,"featured_media":61020,"comment_status":"open","ping_status":"open","sticky":false,"template":"","format":"standard","meta":{"_jetpack_memberships_contains_paid_content":false,"footnotes":""},"categories":[2],"tags":[],"class_list":["post-61019","post","type-post","status-publish","format-standard","has-post-thumbnail","hentry","category-estado"],"jetpack_featured_media_url":"https:\/\/encuentroinformativo.com.mx\/wp-content\/uploads\/2024\/11\/IMG-20241121-WA0025.jpg","jetpack_sharing_enabled":true,"jetpack_likes_enabled":true,"amp_enabled":true,"_links":{"self":[{"href":"https:\/\/encuentroinformativo.com.mx\/index.php?rest_route=\/wp\/v2\/posts\/61019","targetHints":{"allow":["GET"]}}],"collection":[{"href":"https:\/\/encuentroinformativo.com.mx\/index.php?rest_route=\/wp\/v2\/posts"}],"about":[{"href":"https:\/\/encuentroinformativo.com.mx\/index.php?rest_route=\/wp\/v2\/types\/post"}],"author":[{"embeddable":true,"href":"https:\/\/encuentroinformativo.com.mx\/index.php?rest_route=\/wp\/v2\/users\/2476"}],"replies":[{"embeddable":true,"href":"https:\/\/encuentroinformativo.com.mx\/index.php?rest_route=%2Fwp%2Fv2%2Fcomments&post=61019"}],"version-history":[{"count":1,"href":"https:\/\/encuentroinformativo.com.mx\/index.php?rest_route=\/wp\/v2\/posts\/61019\/revisions"}],"predecessor-version":[{"id":61021,"href":"https:\/\/encuentroinformativo.com.mx\/index.php?rest_route=\/wp\/v2\/posts\/61019\/revisions\/61021"}],"wp:featuredmedia":[{"embeddable":true,"href":"https:\/\/encuentroinformativo.com.mx\/index.php?rest_route=\/wp\/v2\/media\/61020"}],"wp:attachment":[{"href":"https:\/\/encuentroinformativo.com.mx\/index.php?rest_route=%2Fwp%2Fv2%2Fmedia&parent=61019"}],"wp:term":[{"taxonomy":"category","embeddable":true,"href":"https:\/\/encuentroinformativo.com.mx\/index.php?rest_route=%2Fwp%2Fv2%2Fcategories&post=61019"},{"taxonomy":"post_tag","embeddable":true,"href":"https:\/\/encuentroinformativo.com.mx\/index.php?rest_route=%2Fwp%2Fv2%2Ftags&post=61019"}],"curies":[{"name":"wp","href":"https:\/\/api.w.org\/{rel}","templated":true}]}}