{"id":6102,"date":"2020-09-23T15:17:17","date_gmt":"2020-09-23T20:17:17","guid":{"rendered":"https:\/\/encuentroinformativo.com.mx\/?p=6102"},"modified":"2020-09-23T15:17:20","modified_gmt":"2020-09-23T20:17:20","slug":"con-protesta-en-la-plaza-mujer-acusa-omisiones-de-la-fiscalia","status":"publish","type":"post","link":"https:\/\/encuentroinformativo.com.mx\/?p=6102","title":{"rendered":"Con protesta en la Plaza, mujer acusa omisiones de la Fiscal\u00eda"},"content":{"rendered":"\n<p><strong>Juan Arcos <\/strong><\/p>\n\n\n\n<p>Xalapa, Ver.- Raquel del Moral S\u00e1nchez present\u00f3 la denuncia 1846\/2020 en la Fiscal\u00eda General del Estado (FGE), tras haber sido v\u00edctima de un intento de homicidio.<\/p>\n\n\n\n<p>La mujer protest\u00f3 frente a Palacio de Gobierno, para exigir que su agresor Francisco \u201cN\u201d sea detenido y enjuiciado por dicho motivo.<\/p>\n\n\n\n<p>\u201cMe agredi\u00f3 con un martillo, intent\u00f3 matarme, me amenaz\u00f3 con matarme si yo no hac\u00eda lo que \u00e9l quer\u00eda en ese momento\u201d.<\/p>\n\n\n\n<p>Lo hechos ocurrieron el pasado 16 de septiembre, sobre la calle Lim\u00f3n del fraccionamiento Higuera, en la capital del estado.<\/p>\n\n\n\n<p>La mujer relat\u00f3 que el sujeto es su vecino, quien se ha caracterizado por ser violento y reclamar una presunta herencia, pues el padre de ella falleci\u00f3 hace un a\u00f1o y Francisco \u201cN\u201d era su cu\u00f1ado.<\/p>\n\n\n\n<p>\u201cApedre\u00f3 mi casa. Me dijo que si no lograba nada conmigo, pues iba contra mis hijos, yo tengo dos hijos peque\u00f1os y est\u00e1n nada m\u00e1s conmigo, estamos vulnerables\u201d.<\/p>\n\n\n\n<p>Raquel se\u00f1al\u00f3 que la FGE no ha dado seguimiento a su caso, toda vez que ni siquiera le realizaron la valoraci\u00f3n psicol\u00f3gica, despu\u00e9s de presentar la\u00a0denuncia.<\/p>\n\n\n\n<p>\u201cTuve que salir de mi casa, ya que no cuento con ninguna medida de seguridad, no se me ha brindado nada. Estoy en espera de que me atiendan y no se me ha atendido\u201d.<\/p>\n\n\n\n<p>La madre de familia pidi\u00f3 una audiencia con la titular de la FGE, Ver\u00f3nica Hern\u00e1ndez Giad\u00e1ns, para que su caso no quede impune y ella y sus dos hijos, de cinco y 13 a\u00f1os, reciban la protecci\u00f3n necesaria.<\/p>\n","protected":false},"excerpt":{"rendered":"<p>Juan Arcos Xalapa, Ver.- Raquel del Moral S\u00e1nchez present\u00f3 la denuncia 1846\/2020 en la Fiscal\u00eda General del Estado (FGE), tras haber sido v\u00edctima de un intento de homicidio. La mujer protest\u00f3 frente a Palacio de Gobierno, para exigir que su agresor Francisco \u201cN\u201d sea detenido y enjuiciado por dicho motivo. \u201cMe agredi\u00f3 con un martillo, [&hellip;]<\/p>\n","protected":false},"author":1,"featured_media":6103,"comment_status":"open","ping_status":"open","sticky":false,"template":"","format":"aside","meta":{"_jetpack_memberships_contains_paid_content":false,"footnotes":""},"categories":[3],"tags":[],"class_list":["post-6102","post","type-post","status-publish","format-aside","has-post-thumbnail","hentry","category-xalapa","post_format-post-format-aside"],"jetpack_featured_media_url":"https:\/\/encuentroinformativo.com.mx\/wp-content\/uploads\/2020\/09\/9E77D161-DBD1-4B2B-A05E-B28CC0B96FEC.jpeg","jetpack_sharing_enabled":true,"jetpack_likes_enabled":true,"amp_enabled":true,"_links":{"self":[{"href":"https:\/\/encuentroinformativo.com.mx\/index.php?rest_route=\/wp\/v2\/posts\/6102","targetHints":{"allow":["GET"]}}],"collection":[{"href":"https:\/\/encuentroinformativo.com.mx\/index.php?rest_route=\/wp\/v2\/posts"}],"about":[{"href":"https:\/\/encuentroinformativo.com.mx\/index.php?rest_route=\/wp\/v2\/types\/post"}],"author":[{"embeddable":true,"href":"https:\/\/encuentroinformativo.com.mx\/index.php?rest_route=\/wp\/v2\/users\/1"}],"replies":[{"embeddable":true,"href":"https:\/\/encuentroinformativo.com.mx\/index.php?rest_route=%2Fwp%2Fv2%2Fcomments&post=6102"}],"version-history":[{"count":1,"href":"https:\/\/encuentroinformativo.com.mx\/index.php?rest_route=\/wp\/v2\/posts\/6102\/revisions"}],"predecessor-version":[{"id":6104,"href":"https:\/\/encuentroinformativo.com.mx\/index.php?rest_route=\/wp\/v2\/posts\/6102\/revisions\/6104"}],"wp:featuredmedia":[{"embeddable":true,"href":"https:\/\/encuentroinformativo.com.mx\/index.php?rest_route=\/wp\/v2\/media\/6103"}],"wp:attachment":[{"href":"https:\/\/encuentroinformativo.com.mx\/index.php?rest_route=%2Fwp%2Fv2%2Fmedia&parent=6102"}],"wp:term":[{"taxonomy":"category","embeddable":true,"href":"https:\/\/encuentroinformativo.com.mx\/index.php?rest_route=%2Fwp%2Fv2%2Fcategories&post=6102"},{"taxonomy":"post_tag","embeddable":true,"href":"https:\/\/encuentroinformativo.com.mx\/index.php?rest_route=%2Fwp%2Fv2%2Ftags&post=6102"}],"curies":[{"name":"wp","href":"https:\/\/api.w.org\/{rel}","templated":true}]}}