{"id":61022,"date":"2024-11-21T12:53:59","date_gmt":"2024-11-21T18:53:59","guid":{"rendered":"https:\/\/encuentroinformativo.com.mx\/?p=61022"},"modified":"2024-11-21T12:54:07","modified_gmt":"2024-11-21T18:54:07","slug":"regresa-caravana-navidena-a-veracruz-boca-del-rio","status":"publish","type":"post","link":"https:\/\/encuentroinformativo.com.mx\/?p=61022","title":{"rendered":"Regresa Caravana Navide\u00f1a a Veracruz &#8211; Boca del R\u00edo"},"content":{"rendered":"\n<p><strong>Alejandro \u00c1vila<\/strong><\/p>\n\n\n\n<p>Veracruz, Ver.- La Caravana Navide\u00f1a Coca Cola regresa a la zona conurbada Veracruz &#8211; Boca del R\u00edo, y \u00e9sta se llevar\u00e1 a cabo el pr\u00f3ximo mi\u00e9rcoles 27 de noviembre a partir de las 19 horas.<\/p>\n\n\n\n<p>El recorrido ser\u00e1 sobre el boulevar &#8220;Manuel \u00c1vila Camacho&#8221; y dar\u00e1 inicio a la altura del hotel Howard Johnson para continuar por el boulevar &#8220;Adolfo Ruiz Cortines&#8221; y culminar a la altura de Juan Pablo II.<\/p>\n\n\n\n<p>&#8220;Iniciamos con esta caravana actividades decembrinas, ya m\u00e1s adelante vamos a estar informando, pero, bueno\u2026 ya estamos decorando el Z\u00f3calo, a partir del primero de diciembre ya vamos a poder ver la decoraci\u00f3n navide\u00f1a en el Z\u00f3calo, vamos a tener una feria gastron\u00f3mica con temas alusivos a navidad, y adem\u00e1s vamos a tener nuestro concierto navide\u00f1o con la Orquesta Filarm\u00f3nica, esperamos a la gente a que revise nuestras redes sociales, a que siga toda esta informaci\u00f3n, porque tenemos una muy buena cartelera de actividades para este mes de diciembre&#8221;, inform\u00f3 la alcaldesa, Patricia Lobeira Rodr\u00edguez.<\/p>\n\n\n\n<p>Finalmente y en otro tema, la presidenta municipal inform\u00f3 que este jueves 21 de noviembre los 150 alumnos que lograron ingresar al viaje de la Superaci\u00f3m Ciudadana partieron en su Viaje de la Insurgencia, el cual los llevar\u00e1 a visitar la ciudad de Xalapa, el estado de Puebla, la Ciudad de M\u00e9xico y el estado de Guanajuato.<\/p>\n","protected":false},"excerpt":{"rendered":"<p>Alejandro \u00c1vila Veracruz, Ver.- La Caravana Navide\u00f1a Coca Cola regresa a la zona conurbada Veracruz &#8211; Boca del R\u00edo, y \u00e9sta se llevar\u00e1 a cabo el pr\u00f3ximo mi\u00e9rcoles 27 de noviembre a partir de las 19 horas. El recorrido ser\u00e1 sobre el boulevar &#8220;Manuel \u00c1vila Camacho&#8221; y dar\u00e1 inicio a la altura del hotel Howard [&hellip;]<\/p>\n","protected":false},"author":2476,"featured_media":61023,"comment_status":"open","ping_status":"open","sticky":false,"template":"","format":"standard","meta":{"_jetpack_memberships_contains_paid_content":false,"footnotes":""},"categories":[2],"tags":[],"class_list":["post-61022","post","type-post","status-publish","format-standard","has-post-thumbnail","hentry","category-estado"],"jetpack_featured_media_url":"https:\/\/encuentroinformativo.com.mx\/wp-content\/uploads\/2024\/11\/IMG-20241121-WA0038.jpg","jetpack_sharing_enabled":true,"jetpack_likes_enabled":true,"amp_enabled":true,"_links":{"self":[{"href":"https:\/\/encuentroinformativo.com.mx\/index.php?rest_route=\/wp\/v2\/posts\/61022","targetHints":{"allow":["GET"]}}],"collection":[{"href":"https:\/\/encuentroinformativo.com.mx\/index.php?rest_route=\/wp\/v2\/posts"}],"about":[{"href":"https:\/\/encuentroinformativo.com.mx\/index.php?rest_route=\/wp\/v2\/types\/post"}],"author":[{"embeddable":true,"href":"https:\/\/encuentroinformativo.com.mx\/index.php?rest_route=\/wp\/v2\/users\/2476"}],"replies":[{"embeddable":true,"href":"https:\/\/encuentroinformativo.com.mx\/index.php?rest_route=%2Fwp%2Fv2%2Fcomments&post=61022"}],"version-history":[{"count":2,"href":"https:\/\/encuentroinformativo.com.mx\/index.php?rest_route=\/wp\/v2\/posts\/61022\/revisions"}],"predecessor-version":[{"id":61025,"href":"https:\/\/encuentroinformativo.com.mx\/index.php?rest_route=\/wp\/v2\/posts\/61022\/revisions\/61025"}],"wp:featuredmedia":[{"embeddable":true,"href":"https:\/\/encuentroinformativo.com.mx\/index.php?rest_route=\/wp\/v2\/media\/61023"}],"wp:attachment":[{"href":"https:\/\/encuentroinformativo.com.mx\/index.php?rest_route=%2Fwp%2Fv2%2Fmedia&parent=61022"}],"wp:term":[{"taxonomy":"category","embeddable":true,"href":"https:\/\/encuentroinformativo.com.mx\/index.php?rest_route=%2Fwp%2Fv2%2Fcategories&post=61022"},{"taxonomy":"post_tag","embeddable":true,"href":"https:\/\/encuentroinformativo.com.mx\/index.php?rest_route=%2Fwp%2Fv2%2Ftags&post=61022"}],"curies":[{"name":"wp","href":"https:\/\/api.w.org\/{rel}","templated":true}]}}