{"id":61029,"date":"2024-11-21T13:34:24","date_gmt":"2024-11-21T19:34:24","guid":{"rendered":"https:\/\/encuentroinformativo.com.mx\/?p=61029"},"modified":"2024-11-21T13:34:31","modified_gmt":"2024-11-21T19:34:31","slug":"trasladan-a-joven-de-alvarado-hospital-de-boca-del-rio-tras-accidente-en-motocicleta","status":"publish","type":"post","link":"https:\/\/encuentroinformativo.com.mx\/?p=61029","title":{"rendered":"Trasladan a joven de Alvarado hospital de Boca del R\u00edo tras accidente en motocicleta"},"content":{"rendered":"\n<p><strong>Alejandro \u00c1vila<\/strong><\/p>\n\n\n\n<p>Alvarado, Ver.- Una joven que viajaba en motocicleta sufri\u00f3 un fuerte accidente que la llev\u00f3 a ser trasladada al hospital de Boca del R\u00edo para su atenci\u00f3n m\u00e9dica, a pesar de las graves lesiones su estado de salud se reporta estable.<\/p>\n\n\n\n<p>La joven fue identificada como Esther Sosa Rom\u00e1n de 38 a\u00f1os de edad, qui\u00e9n viajaba en su motocicleta sobre la carretera federal 180 a la altura de la localidad de Buen Pa\u00eds, cuando sufri\u00f3 un accidente que le dej\u00f3 severas lesiones.<\/p>\n\n\n\n<p>&#8220;Lesiones al parecer en la boca, como no llevaba casco tuvo una lesi\u00f3n en la boca, al parecer los labios se revent\u00f3 al parecer sin p\u00e9rdida de piezas dentales, y una factura expuesta a nivel del tobillo, pero dentro de lo que cabe est\u00e1 estable, se traslada a la HG de Boca del R\u00edo&#8221;, dio a conocer una de las personas que le dio los primeros auxilios.<\/p>\n\n\n\n<p>Es de mencionar que durante las \u00faltimas semanas se han registrado diversos accidentes automovil\u00edsticos y motocicleta en la carretera federal 180, en el tramo que corresponde al municipio de Alvarado.<\/p>\n","protected":false},"excerpt":{"rendered":"<p>Alejandro \u00c1vila Alvarado, Ver.- Una joven que viajaba en motocicleta sufri\u00f3 un fuerte accidente que la llev\u00f3 a ser trasladada al hospital de Boca del R\u00edo para su atenci\u00f3n m\u00e9dica, a pesar de las graves lesiones su estado de salud se reporta estable. La joven fue identificada como Esther Sosa Rom\u00e1n de 38 a\u00f1os de [&hellip;]<\/p>\n","protected":false},"author":2476,"featured_media":61030,"comment_status":"open","ping_status":"open","sticky":false,"template":"","format":"standard","meta":{"_jetpack_memberships_contains_paid_content":false,"footnotes":""},"categories":[2],"tags":[],"class_list":["post-61029","post","type-post","status-publish","format-standard","has-post-thumbnail","hentry","category-estado"],"jetpack_featured_media_url":"https:\/\/encuentroinformativo.com.mx\/wp-content\/uploads\/2024\/11\/IMG-20241121-WA00422.jpg","jetpack_sharing_enabled":true,"jetpack_likes_enabled":true,"amp_enabled":true,"_links":{"self":[{"href":"https:\/\/encuentroinformativo.com.mx\/index.php?rest_route=\/wp\/v2\/posts\/61029","targetHints":{"allow":["GET"]}}],"collection":[{"href":"https:\/\/encuentroinformativo.com.mx\/index.php?rest_route=\/wp\/v2\/posts"}],"about":[{"href":"https:\/\/encuentroinformativo.com.mx\/index.php?rest_route=\/wp\/v2\/types\/post"}],"author":[{"embeddable":true,"href":"https:\/\/encuentroinformativo.com.mx\/index.php?rest_route=\/wp\/v2\/users\/2476"}],"replies":[{"embeddable":true,"href":"https:\/\/encuentroinformativo.com.mx\/index.php?rest_route=%2Fwp%2Fv2%2Fcomments&post=61029"}],"version-history":[{"count":1,"href":"https:\/\/encuentroinformativo.com.mx\/index.php?rest_route=\/wp\/v2\/posts\/61029\/revisions"}],"predecessor-version":[{"id":61031,"href":"https:\/\/encuentroinformativo.com.mx\/index.php?rest_route=\/wp\/v2\/posts\/61029\/revisions\/61031"}],"wp:featuredmedia":[{"embeddable":true,"href":"https:\/\/encuentroinformativo.com.mx\/index.php?rest_route=\/wp\/v2\/media\/61030"}],"wp:attachment":[{"href":"https:\/\/encuentroinformativo.com.mx\/index.php?rest_route=%2Fwp%2Fv2%2Fmedia&parent=61029"}],"wp:term":[{"taxonomy":"category","embeddable":true,"href":"https:\/\/encuentroinformativo.com.mx\/index.php?rest_route=%2Fwp%2Fv2%2Fcategories&post=61029"},{"taxonomy":"post_tag","embeddable":true,"href":"https:\/\/encuentroinformativo.com.mx\/index.php?rest_route=%2Fwp%2Fv2%2Ftags&post=61029"}],"curies":[{"name":"wp","href":"https:\/\/api.w.org\/{rel}","templated":true}]}}