{"id":61032,"date":"2024-11-21T14:48:52","date_gmt":"2024-11-21T20:48:52","guid":{"rendered":"https:\/\/encuentroinformativo.com.mx\/?p=61032"},"modified":"2024-11-21T14:48:58","modified_gmt":"2024-11-21T20:48:58","slug":"invitan-emprendedores-a-bazar-navideno","status":"publish","type":"post","link":"https:\/\/encuentroinformativo.com.mx\/?p=61032","title":{"rendered":"Invitan emprendedores a Bazar Navide\u00f1o"},"content":{"rendered":"\n<p><strong>Dar\u00edo Pale<\/strong><\/p>\n\n\n\n<p>Xalapa, Ver.- Emprendedores de la &#8220;Expo G\u00e9nesis&#8221; dieron a conocer el Bazar Navide\u00f1o que se realizar\u00e1 el pr\u00f3ximo 24 de noviembre en el sal\u00f3n La Gavia a partir de las 10:00 horas hasta las 19:00 horas, as\u00ed lo dio a conocer Gerardo Libreros.<\/p>\n\n\n\n<p>En conferencia de prensa se\u00f1alaron que la entrada es libre y se contar\u00e1 con la participaci\u00f3n de 45 expositores qu\u00e9 ofertar\u00e1n diversos art\u00edculos como ropa, manualidades, gastronom\u00eda, tatuajes y joyer\u00eda.\u00a0<\/p>\n\n\n\n<p>Coment\u00f3 que se busca apoyar a los emprendedores xalape\u00f1os y de la regi\u00f3n, pero adem\u00e1s brind\u00e1ndoles capacitaciones a trav\u00e9s de representantes de Proempleo, la C\u00e1mara Nacional del Comercio (CANACO) y la Secretar\u00eda de Desarrollo Econ\u00f3mico y Portuario (SEDECOP).<\/p>\n\n\n\n<p>Por su parte, Delvis Fleites, precis\u00f3 que lo anterior con el objetivo de que puedan darle formalidad a sus negocios y hacerlos crecer.\u00a0<\/p>\n\n\n\n<p>Finalmente, extendieron la invitaci\u00f3n a que las familias acudan a este evento y apoyen a los emprendedores locales.<\/p>\n","protected":false},"excerpt":{"rendered":"<p>Dar\u00edo Pale Xalapa, Ver.- Emprendedores de la &#8220;Expo G\u00e9nesis&#8221; dieron a conocer el Bazar Navide\u00f1o que se realizar\u00e1 el pr\u00f3ximo 24 de noviembre en el sal\u00f3n La Gavia a partir de las 10:00 horas hasta las 19:00 horas, as\u00ed lo dio a conocer Gerardo Libreros. En conferencia de prensa se\u00f1alaron que la entrada es libre [&hellip;]<\/p>\n","protected":false},"author":2476,"featured_media":61033,"comment_status":"open","ping_status":"open","sticky":false,"template":"","format":"standard","meta":{"_jetpack_memberships_contains_paid_content":false,"footnotes":""},"categories":[3],"tags":[],"class_list":["post-61032","post","type-post","status-publish","format-standard","has-post-thumbnail","hentry","category-xalapa"],"jetpack_featured_media_url":"https:\/\/encuentroinformativo.com.mx\/wp-content\/uploads\/2024\/11\/IMG-20241121-WA0045.jpg","jetpack_sharing_enabled":true,"jetpack_likes_enabled":true,"amp_enabled":true,"_links":{"self":[{"href":"https:\/\/encuentroinformativo.com.mx\/index.php?rest_route=\/wp\/v2\/posts\/61032","targetHints":{"allow":["GET"]}}],"collection":[{"href":"https:\/\/encuentroinformativo.com.mx\/index.php?rest_route=\/wp\/v2\/posts"}],"about":[{"href":"https:\/\/encuentroinformativo.com.mx\/index.php?rest_route=\/wp\/v2\/types\/post"}],"author":[{"embeddable":true,"href":"https:\/\/encuentroinformativo.com.mx\/index.php?rest_route=\/wp\/v2\/users\/2476"}],"replies":[{"embeddable":true,"href":"https:\/\/encuentroinformativo.com.mx\/index.php?rest_route=%2Fwp%2Fv2%2Fcomments&post=61032"}],"version-history":[{"count":1,"href":"https:\/\/encuentroinformativo.com.mx\/index.php?rest_route=\/wp\/v2\/posts\/61032\/revisions"}],"predecessor-version":[{"id":61034,"href":"https:\/\/encuentroinformativo.com.mx\/index.php?rest_route=\/wp\/v2\/posts\/61032\/revisions\/61034"}],"wp:featuredmedia":[{"embeddable":true,"href":"https:\/\/encuentroinformativo.com.mx\/index.php?rest_route=\/wp\/v2\/media\/61033"}],"wp:attachment":[{"href":"https:\/\/encuentroinformativo.com.mx\/index.php?rest_route=%2Fwp%2Fv2%2Fmedia&parent=61032"}],"wp:term":[{"taxonomy":"category","embeddable":true,"href":"https:\/\/encuentroinformativo.com.mx\/index.php?rest_route=%2Fwp%2Fv2%2Fcategories&post=61032"},{"taxonomy":"post_tag","embeddable":true,"href":"https:\/\/encuentroinformativo.com.mx\/index.php?rest_route=%2Fwp%2Fv2%2Ftags&post=61032"}],"curies":[{"name":"wp","href":"https:\/\/api.w.org\/{rel}","templated":true}]}}