{"id":61044,"date":"2024-11-21T17:37:46","date_gmt":"2024-11-21T23:37:46","guid":{"rendered":"https:\/\/encuentroinformativo.com.mx\/?p=61044"},"modified":"2024-11-21T17:37:51","modified_gmt":"2024-11-21T23:37:51","slug":"cambiaria-vigencia-de-programas-de-desarrollo-metropolitano","status":"publish","type":"post","link":"https:\/\/encuentroinformativo.com.mx\/?p=61044","title":{"rendered":"Cambiar\u00eda vigencia de Programas de Desarrollo Metropolitano"},"content":{"rendered":"\n<p><strong>* Iniciativa del diputado Igor Fidel Roj\u00ed L\u00f3pez propone que tengan una duraci\u00f3n indefinida<\/strong><\/p>\n\n\n\n<p>Xalapa, Ver.- El diputado Igor Fidel Roj\u00ed L\u00f3pez present\u00f3 al Pleno de la LXVII Legislatura una iniciativa para reformar las leyes estatales de Planeaci\u00f3n y de Desarrollo Urbano, Ordenamiento Territorial y Vivienda, a fin de que sea modificada la vigencia de los Programas de Desarrollo Metropolitano y sean rescatados los recursos invertidos por el estado y los municipios.<\/p>\n\n\n\n<p>Al participar en la Cuarta Sesi\u00f3n Ordinaria del Primer Per\u00edodo Ordinario del Primer A\u00f1o de Ejercicio Constitucional, el representante del Distrito XX de Orizaba, se\u00f1al\u00f3 que \u201cactualmente la ley contempla que la vigencia de los Programas de Desarrollo Metropolitano no exceda del per\u00edodo constitucional de la gesti\u00f3n administrativa estatal\u201d.<\/p>\n\n\n\n<p>Ante lo cual advirti\u00f3, dichos programas \u201cno deber\u00edan responder a una temporalidad ligada a las administraciones p\u00fablicas, sino a las necesidades existentes en las zonas que son parte de estos programas\u201d.<\/p>\n\n\n\n<p>La propuesta del representante popular consiste en que estos programas tengan una vigencia indefinida, que sean actualizados cada vez que se considere necesario, a petici\u00f3n de los integrantes del Consejo para el Desarrollo Metropolitano del estado, y que para la extinci\u00f3n de un Convenio de Coordinaci\u00f3n Metropolitana se requiera del acuerdo total de las partes que lo suscriben.<\/p>\n\n\n\n<p>Con la reforma planteada, su mismo proponente consider\u00f3 que \u201catender\u00edamos al principio de buen gobierno, optimizando y aprovechando el esfuerzo realizado previamente por los tres \u00f3rdenes de gobierno que han concluido los Programas de Ordenamiento Territorial para el Estado de Veracruz\u201d.<\/p>\n\n\n\n<p>Con la adhesi\u00f3n de los grupos legislativos de Morena, Partido Verde Ecologista de M\u00e9xico (PVEM) y Partido del Trabajo (PT), la Iniciativa con proyecto de Decreto que reforma el Art\u00edculo 37 de la Ley de Planeaci\u00f3n y el Art\u00edculo 39 Octies de la Ley de Desarrollo Urbano, Ordenamiento Territorial y Vivienda, ambas del estado de Veracruz, fue turnada a la Comisi\u00f3n Permanente de Desarrollo Metropolitano.<\/p>\n\n\n\n<h1 class=\"wp-block-heading\"><\/h1>\n","protected":false},"excerpt":{"rendered":"<p>* Iniciativa del diputado Igor Fidel Roj\u00ed L\u00f3pez propone que tengan una duraci\u00f3n indefinida Xalapa, Ver.- El diputado Igor Fidel Roj\u00ed L\u00f3pez present\u00f3 al Pleno de la LXVII Legislatura una iniciativa para reformar las leyes estatales de Planeaci\u00f3n y de Desarrollo Urbano, Ordenamiento Territorial y Vivienda, a fin de que sea modificada la vigencia de [&hellip;]<\/p>\n","protected":false},"author":2476,"featured_media":61045,"comment_status":"open","ping_status":"open","sticky":false,"template":"","format":"standard","meta":{"_jetpack_memberships_contains_paid_content":false,"footnotes":""},"categories":[2],"tags":[],"class_list":["post-61044","post","type-post","status-publish","format-standard","has-post-thumbnail","hentry","category-estado"],"jetpack_featured_media_url":"https:\/\/encuentroinformativo.com.mx\/wp-content\/uploads\/2024\/11\/IMG-20241121-WA00882.jpg","jetpack_sharing_enabled":true,"jetpack_likes_enabled":true,"amp_enabled":true,"_links":{"self":[{"href":"https:\/\/encuentroinformativo.com.mx\/index.php?rest_route=\/wp\/v2\/posts\/61044","targetHints":{"allow":["GET"]}}],"collection":[{"href":"https:\/\/encuentroinformativo.com.mx\/index.php?rest_route=\/wp\/v2\/posts"}],"about":[{"href":"https:\/\/encuentroinformativo.com.mx\/index.php?rest_route=\/wp\/v2\/types\/post"}],"author":[{"embeddable":true,"href":"https:\/\/encuentroinformativo.com.mx\/index.php?rest_route=\/wp\/v2\/users\/2476"}],"replies":[{"embeddable":true,"href":"https:\/\/encuentroinformativo.com.mx\/index.php?rest_route=%2Fwp%2Fv2%2Fcomments&post=61044"}],"version-history":[{"count":1,"href":"https:\/\/encuentroinformativo.com.mx\/index.php?rest_route=\/wp\/v2\/posts\/61044\/revisions"}],"predecessor-version":[{"id":61046,"href":"https:\/\/encuentroinformativo.com.mx\/index.php?rest_route=\/wp\/v2\/posts\/61044\/revisions\/61046"}],"wp:featuredmedia":[{"embeddable":true,"href":"https:\/\/encuentroinformativo.com.mx\/index.php?rest_route=\/wp\/v2\/media\/61045"}],"wp:attachment":[{"href":"https:\/\/encuentroinformativo.com.mx\/index.php?rest_route=%2Fwp%2Fv2%2Fmedia&parent=61044"}],"wp:term":[{"taxonomy":"category","embeddable":true,"href":"https:\/\/encuentroinformativo.com.mx\/index.php?rest_route=%2Fwp%2Fv2%2Fcategories&post=61044"},{"taxonomy":"post_tag","embeddable":true,"href":"https:\/\/encuentroinformativo.com.mx\/index.php?rest_route=%2Fwp%2Fv2%2Ftags&post=61044"}],"curies":[{"name":"wp","href":"https:\/\/api.w.org\/{rel}","templated":true}]}}