{"id":61047,"date":"2024-11-21T20:20:51","date_gmt":"2024-11-22T02:20:51","guid":{"rendered":"https:\/\/encuentroinformativo.com.mx\/?p=61047"},"modified":"2024-11-21T20:20:58","modified_gmt":"2024-11-22T02:20:58","slug":"muere-sujeto-al-caer-desde-el-piso-22-de-un-edificio-en-boca-del-rio","status":"publish","type":"post","link":"https:\/\/encuentroinformativo.com.mx\/?p=61047","title":{"rendered":"Muere sujeto al caer desde el piso 22 de un edificio en Boca del R\u00edo"},"content":{"rendered":"\n<p><strong>Alejandro \u00c1vila<\/strong><\/p>\n\n\n\n<p><strong>Fotos: <\/strong>Sergio Aldazaba\/Cortes\u00eda <\/p>\n\n\n\n<p>Boca del R\u00edo, Ver.- Un sujeto cay\u00f3 desde el piso n\u00famero 22 de un edificio ubicado en el municipio de Boca del R\u00edo, por lo que moviliz\u00f3 a los cuerpos de seguridad al enterarse del suceso.<\/p>\n\n\n\n<p>El hombre fue identificado como Ariel P.P. de 59 a\u00f1os, el cual laboraba al interior de la Torre Residencial JV, ubicada sobre el bulevar Manuel \u00c1vila Camacho frente al fraccionamiento Costa de Oro.<\/p>\n\n\n\n<p>Al darse cuenta de lo sucedido sus compa\u00f1eros llamaron el n\u00famero de emergencias 911, por lo que acudieron t\u00e9cnicos en urgencias m\u00e9dicas de Bomberos Conurbados; sin embargo, los vigilantes del recinto les prohibieron el acceso.<\/p>\n\n\n\n<p>Los elementos de seguridad privada informaron que el sujeto ya no contaba con signos vitales, por lo que la Polic\u00eda Municipal realiz\u00f3 el acordonamiento del \u00e1rea y dio parte a la Fiscal\u00eda del Estado.<\/p>\n\n\n\n<p>Momentos despu\u00e9s se presentaron detectives de la Polic\u00eda Ministerial para entrevistarse con testigos del incidente para tratar de esclarecer c\u00f3mo fue que verdaderamente ocurrieron los hechos y determinar si se trat\u00f3 de alguna negligencia o un descuido del propio agraviado.<\/p>\n\n\n\n<p>Finalmente elementos de la direcci\u00f3n de Servicios Periciales arrib\u00f3 para realizar el levantamiento del cuerpo del infortunado hombre, que fue trasladado al Servicio M\u00e9dico Forense para entregarlo a sus familiares en pr\u00f3ximas horas.<\/p>\n\n\n\n<figure class=\"wp-block-image size-large\"><img loading=\"lazy\" decoding=\"async\" width=\"1024\" height=\"768\" src=\"https:\/\/encuentroinformativo.com.mx\/wp-content\/uploads\/2024\/11\/1000427960-1024x768.jpg\" alt=\"\" class=\"wp-image-61049\" srcset=\"https:\/\/encuentroinformativo.com.mx\/wp-content\/uploads\/2024\/11\/1000427960-1024x768.jpg 1024w, https:\/\/encuentroinformativo.com.mx\/wp-content\/uploads\/2024\/11\/1000427960-300x225.jpg 300w, https:\/\/encuentroinformativo.com.mx\/wp-content\/uploads\/2024\/11\/1000427960-768x576.jpg 768w, https:\/\/encuentroinformativo.com.mx\/wp-content\/uploads\/2024\/11\/1000427960-1536x1152.jpg 1536w, https:\/\/encuentroinformativo.com.mx\/wp-content\/uploads\/2024\/11\/1000427960.jpg 1600w\" sizes=\"auto, (max-width: 1024px) 100vw, 1024px\" \/><\/figure>\n","protected":false},"excerpt":{"rendered":"<p>Alejandro \u00c1vila Fotos: Sergio Aldazaba\/Cortes\u00eda Boca del R\u00edo, Ver.- Un sujeto cay\u00f3 desde el piso n\u00famero 22 de un edificio ubicado en el municipio de Boca del R\u00edo, por lo que moviliz\u00f3 a los cuerpos de seguridad al enterarse del suceso. El hombre fue identificado como Ariel P.P. de 59 a\u00f1os, el cual laboraba al [&hellip;]<\/p>\n","protected":false},"author":2476,"featured_media":61048,"comment_status":"open","ping_status":"open","sticky":false,"template":"","format":"standard","meta":{"_jetpack_memberships_contains_paid_content":false,"footnotes":""},"categories":[2],"tags":[],"class_list":["post-61047","post","type-post","status-publish","format-standard","has-post-thumbnail","hentry","category-estado"],"jetpack_featured_media_url":"https:\/\/encuentroinformativo.com.mx\/wp-content\/uploads\/2024\/11\/IMG-20241121-WA0124.jpg","jetpack_sharing_enabled":true,"jetpack_likes_enabled":true,"amp_enabled":true,"_links":{"self":[{"href":"https:\/\/encuentroinformativo.com.mx\/index.php?rest_route=\/wp\/v2\/posts\/61047","targetHints":{"allow":["GET"]}}],"collection":[{"href":"https:\/\/encuentroinformativo.com.mx\/index.php?rest_route=\/wp\/v2\/posts"}],"about":[{"href":"https:\/\/encuentroinformativo.com.mx\/index.php?rest_route=\/wp\/v2\/types\/post"}],"author":[{"embeddable":true,"href":"https:\/\/encuentroinformativo.com.mx\/index.php?rest_route=\/wp\/v2\/users\/2476"}],"replies":[{"embeddable":true,"href":"https:\/\/encuentroinformativo.com.mx\/index.php?rest_route=%2Fwp%2Fv2%2Fcomments&post=61047"}],"version-history":[{"count":1,"href":"https:\/\/encuentroinformativo.com.mx\/index.php?rest_route=\/wp\/v2\/posts\/61047\/revisions"}],"predecessor-version":[{"id":61050,"href":"https:\/\/encuentroinformativo.com.mx\/index.php?rest_route=\/wp\/v2\/posts\/61047\/revisions\/61050"}],"wp:featuredmedia":[{"embeddable":true,"href":"https:\/\/encuentroinformativo.com.mx\/index.php?rest_route=\/wp\/v2\/media\/61048"}],"wp:attachment":[{"href":"https:\/\/encuentroinformativo.com.mx\/index.php?rest_route=%2Fwp%2Fv2%2Fmedia&parent=61047"}],"wp:term":[{"taxonomy":"category","embeddable":true,"href":"https:\/\/encuentroinformativo.com.mx\/index.php?rest_route=%2Fwp%2Fv2%2Fcategories&post=61047"},{"taxonomy":"post_tag","embeddable":true,"href":"https:\/\/encuentroinformativo.com.mx\/index.php?rest_route=%2Fwp%2Fv2%2Ftags&post=61047"}],"curies":[{"name":"wp","href":"https:\/\/api.w.org\/{rel}","templated":true}]}}