{"id":61054,"date":"2024-11-21T20:32:00","date_gmt":"2024-11-22T02:32:00","guid":{"rendered":"https:\/\/encuentroinformativo.com.mx\/?p=61054"},"modified":"2024-11-21T20:32:09","modified_gmt":"2024-11-22T02:32:09","slug":"entrega-ricardo-ahued-apoyos-para-el-autoempleo","status":"publish","type":"post","link":"https:\/\/encuentroinformativo.com.mx\/?p=61054","title":{"rendered":"Entrega Ricardo Ahued apoyos para el autoempleo"},"content":{"rendered":"\n<p>Xalapa, Ver.- El presidente municipal Ricardo Ahued Bardahuil, en coordinaci\u00f3n con funcionariado del Instituto de Capacitaci\u00f3n para el Trabajo del Estado de Veracruz (Icatver), entreg\u00f3 apoyos para la adquisici\u00f3n de herramientas a quienes participaron en el curso de corte y peinado de cabello.<\/p>\n\n\n\n<p>Durante el acto que se realiz\u00f3 en la Sala de Cabildo ante el alcalde suplente, Alberto Islas Reyes, el Edil coment\u00f3 que \u00e9sta es una oportunidad para que las personas realicen tareas con el conocimiento que tienen y se autoempleen.<\/p>\n\n\n\n<p>Dio a conocer que esta acci\u00f3n tuvo un fondo disponible de 100 mil pesos, mismo que fue aprobado por los integrantes del Cabildo y la Comisi\u00f3n de Hacienda.<\/p>\n\n\n\n<p>El director general del Icatver, Miguel \u00c1ngel J\u00e1come Dom\u00ednguez, extern\u00f3 su agradecimiento al alcalde Ricardo Ahued Bardahuil por el apoyo, as\u00ed como a las y los instructores por su compromiso para mejorar la calidad de vida de las personas.<\/p>\n\n\n\n<p>Asegur\u00f3 que a trav\u00e9s de estas capacitaciones las y los estudiantes obtienen un mejor empleo, emprenden y obtienen un salario digno.<\/p>\n\n\n\n<p>Tambi\u00e9n se entregaron diplomas del curso de cuidado de manos y pies, como parte de las acciones para capacitar y profesionalizar a participantes del curso.<\/p>\n\n\n\n<p>Asistieron la s\u00edndica \u00fanica, Cecilia Leyla Coronel Brizio; las regidoras Martha Valentina Dom\u00ednguez V\u00e1squez y Mar\u00eda Guadalupe M\u00e1rquez Leonardo; el secretario del Ayuntamiento, Ram\u00f3n Antonio Ramos Niembro; el director de Desarrollo Social, Alejandro Moreno Hern\u00e1ndez.<\/p>\n\n\n\n<p>Adem\u00e1s, Lucero Denizze Aguilar Amaya, subdirectora de Planeaci\u00f3n, Fomento y Regulaci\u00f3n Econ\u00f3mica; y Alejandro del Angel Aguilar, director del Sistema Municipal para el Desarrollo Integral de la Familia (DIF).<\/p>\n\n\n\n<figure class=\"wp-block-image size-large\"><img loading=\"lazy\" decoding=\"async\" width=\"1024\" height=\"683\" src=\"https:\/\/encuentroinformativo.com.mx\/wp-content\/uploads\/2024\/11\/1000427996-1024x683.jpg\" alt=\"\" class=\"wp-image-61056\" srcset=\"https:\/\/encuentroinformativo.com.mx\/wp-content\/uploads\/2024\/11\/1000427996-1024x683.jpg 1024w, https:\/\/encuentroinformativo.com.mx\/wp-content\/uploads\/2024\/11\/1000427996-300x200.jpg 300w, https:\/\/encuentroinformativo.com.mx\/wp-content\/uploads\/2024\/11\/1000427996-768x512.jpg 768w, https:\/\/encuentroinformativo.com.mx\/wp-content\/uploads\/2024\/11\/1000427996-1536x1024.jpg 1536w, https:\/\/encuentroinformativo.com.mx\/wp-content\/uploads\/2024\/11\/1000427996-2048x1365.jpg 2048w\" sizes=\"auto, (max-width: 1024px) 100vw, 1024px\" \/><\/figure>\n","protected":false},"excerpt":{"rendered":"<p>Xalapa, Ver.- El presidente municipal Ricardo Ahued Bardahuil, en coordinaci\u00f3n con funcionariado del Instituto de Capacitaci\u00f3n para el Trabajo del Estado de Veracruz (Icatver), entreg\u00f3 apoyos para la adquisici\u00f3n de herramientas a quienes participaron en el curso de corte y peinado de cabello. Durante el acto que se realiz\u00f3 en la Sala de Cabildo ante [&hellip;]<\/p>\n","protected":false},"author":2476,"featured_media":61055,"comment_status":"open","ping_status":"open","sticky":false,"template":"","format":"standard","meta":{"_jetpack_memberships_contains_paid_content":false,"footnotes":""},"categories":[3],"tags":[],"class_list":["post-61054","post","type-post","status-publish","format-standard","has-post-thumbnail","hentry","category-xalapa"],"jetpack_featured_media_url":"https:\/\/encuentroinformativo.com.mx\/wp-content\/uploads\/2024\/11\/IMG-20241121-WA0140-scaled.jpg","jetpack_sharing_enabled":true,"jetpack_likes_enabled":true,"amp_enabled":true,"_links":{"self":[{"href":"https:\/\/encuentroinformativo.com.mx\/index.php?rest_route=\/wp\/v2\/posts\/61054","targetHints":{"allow":["GET"]}}],"collection":[{"href":"https:\/\/encuentroinformativo.com.mx\/index.php?rest_route=\/wp\/v2\/posts"}],"about":[{"href":"https:\/\/encuentroinformativo.com.mx\/index.php?rest_route=\/wp\/v2\/types\/post"}],"author":[{"embeddable":true,"href":"https:\/\/encuentroinformativo.com.mx\/index.php?rest_route=\/wp\/v2\/users\/2476"}],"replies":[{"embeddable":true,"href":"https:\/\/encuentroinformativo.com.mx\/index.php?rest_route=%2Fwp%2Fv2%2Fcomments&post=61054"}],"version-history":[{"count":1,"href":"https:\/\/encuentroinformativo.com.mx\/index.php?rest_route=\/wp\/v2\/posts\/61054\/revisions"}],"predecessor-version":[{"id":61057,"href":"https:\/\/encuentroinformativo.com.mx\/index.php?rest_route=\/wp\/v2\/posts\/61054\/revisions\/61057"}],"wp:featuredmedia":[{"embeddable":true,"href":"https:\/\/encuentroinformativo.com.mx\/index.php?rest_route=\/wp\/v2\/media\/61055"}],"wp:attachment":[{"href":"https:\/\/encuentroinformativo.com.mx\/index.php?rest_route=%2Fwp%2Fv2%2Fmedia&parent=61054"}],"wp:term":[{"taxonomy":"category","embeddable":true,"href":"https:\/\/encuentroinformativo.com.mx\/index.php?rest_route=%2Fwp%2Fv2%2Fcategories&post=61054"},{"taxonomy":"post_tag","embeddable":true,"href":"https:\/\/encuentroinformativo.com.mx\/index.php?rest_route=%2Fwp%2Fv2%2Ftags&post=61054"}],"curies":[{"name":"wp","href":"https:\/\/api.w.org\/{rel}","templated":true}]}}