{"id":61058,"date":"2024-11-21T20:37:12","date_gmt":"2024-11-22T02:37:12","guid":{"rendered":"https:\/\/encuentroinformativo.com.mx\/?p=61058"},"modified":"2024-11-21T20:37:19","modified_gmt":"2024-11-22T02:37:19","slug":"propone-diputado-incluir-en-la-constitucion-local-el-concepto-gobernadora","status":"publish","type":"post","link":"https:\/\/encuentroinformativo.com.mx\/?p=61058","title":{"rendered":"Propone diputado incluir en la Constituci\u00f3n local el concepto \u201cGobernadora\u201d"},"content":{"rendered":"\n<p><strong>* Afirma Alejandro Porras que con esta medida se ajustar\u00eda el texto con un lenguaje inclusivo de g\u00e9nero y ser\u00eda una forma de reconocer el papel de las mujeres en los espacios de decisi\u00f3n.<\/strong><\/p>\n\n\n\n<p>Xalapa, Ver.- Con la finalidad de reconocer e incluir a la mujer veracruzana en la Constituci\u00f3n Pol\u00edtica del Estado de Veracruz de Ignacio de la Llave, en la denominaci\u00f3n de la persona titular del Poder Ejecutivo, el diputado Alejandro Porras Mar\u00edn present\u00f3 al Pleno de la LXVII Legislatura una iniciativa que busca reformar diversos art\u00edculos de la Carta Magna del estado para incluir el concepto de Gobernadora.<\/p>\n\n\n\n<p>El integrante del Grupo Legislativo de Morena, subray\u00f3 que con la iniciativa que plantea se ajustar\u00eda el texto constitucional, no s\u00f3lo a un lenguaje inclusivo de g\u00e9nero, \u201cser\u00eda una forma de reconocer la participaci\u00f3n de las mujeres en los espacios de decisi\u00f3n y poder, erradicando con ello los estereotipos de g\u00e9nero para lograr una verdadera igualdad pol\u00edtica\u201d, precis\u00f3.<\/p>\n\n\n\n<p>Destac\u00f3 que en Veracruz se vive una nueva historia y que la ingeniera Norma Roc\u00edo Nahle Garc\u00eda obtuvo dos millones 124 mil 130 votos, \u201cel pr\u00f3ximo 1\u00ba de diciembre seremos testigos de un acontecimiento sin precedentes, pues por primera vez en la historia seremos gobernados por una mujer\u201d.<\/p>\n\n\n\n<p>En la exposici\u00f3n de su iniciativa, durante la Cuarta Sesi\u00f3n Ordinaria, el legislador record\u00f3 que en 1953 fue publicado en el Diario Oficial de la Federaci\u00f3n (DOF) un decreto de reforma constitucional que concedi\u00f3 a las mujeres el derecho a votar y a ser electas para cargos de elecci\u00f3n popular. Lo cual fue el resultado de d\u00e9cadas de organizaci\u00f3n colectiva y de luchas sociales de mujeres que abrieron el camino para ejercer este derecho.<\/p>\n\n\n\n<p>Tambi\u00e9n, dio detalles sobre la historia de las mujeres mexicanas en cargos de elecci\u00f3n popular, entre los que mencion\u00f3 en 1923, cuando Elvia Carrillo Puerto fue elegida como la primera mujer diputada en un Congreso local de Yucat\u00e1n, y el de 1935, cuando Aurora Mesa Andraca se convirti\u00f3 en la primera presidenta municipal en M\u00e9xico y en Am\u00e9rica Latina al asumir la presidencia del Concejo Municipal de Chilpancingo de los Bravo, Guerrero.<\/p>\n\n\n\n<p>Cit\u00f3 tambi\u00e9n el a\u00f1o de 1979, en el que Griselda \u00c1lvarez fue la primera gobernadora al asumir la titularidad del Poder Ejecutivo en Colima, siendo la primera mujer mexicana que alcanz\u00f3 tal responsabilidad y distinci\u00f3n, ejerci\u00e9ndolo bajo el lema \u201cEducar para progresar\u201d; \u201cdemostr\u00f3 que las mujeres poseen iguales capacidades para incorporarse y contribuir a la toma de decisiones de nuestro pa\u00eds\u201d.<\/p>\n\n\n\n<p>La Mesa Directiva instruy\u00f3 turnar la iniciativa a la Comisi\u00f3n Permanente de Justicia y Puntos Constitucionales y para la Igualdad de G\u00e9nero. Se adhirieron a la propuesta los Grupos Legislativos de Morena, PVEM y PT.<\/p>\n\n\n\n<h1 class=\"wp-block-heading\"><\/h1>\n","protected":false},"excerpt":{"rendered":"<p>* Afirma Alejandro Porras que con esta medida se ajustar\u00eda el texto con un lenguaje inclusivo de g\u00e9nero y ser\u00eda una forma de reconocer el papel de las mujeres en los espacios de decisi\u00f3n. Xalapa, Ver.- Con la finalidad de reconocer e incluir a la mujer veracruzana en la Constituci\u00f3n Pol\u00edtica del Estado de Veracruz [&hellip;]<\/p>\n","protected":false},"author":2476,"featured_media":61059,"comment_status":"open","ping_status":"open","sticky":false,"template":"","format":"standard","meta":{"_jetpack_memberships_contains_paid_content":false,"footnotes":""},"categories":[2],"tags":[],"class_list":["post-61058","post","type-post","status-publish","format-standard","has-post-thumbnail","hentry","category-estado"],"jetpack_featured_media_url":"https:\/\/encuentroinformativo.com.mx\/wp-content\/uploads\/2024\/11\/IMG-20241121-WA0118.jpg","jetpack_sharing_enabled":true,"jetpack_likes_enabled":true,"amp_enabled":true,"_links":{"self":[{"href":"https:\/\/encuentroinformativo.com.mx\/index.php?rest_route=\/wp\/v2\/posts\/61058","targetHints":{"allow":["GET"]}}],"collection":[{"href":"https:\/\/encuentroinformativo.com.mx\/index.php?rest_route=\/wp\/v2\/posts"}],"about":[{"href":"https:\/\/encuentroinformativo.com.mx\/index.php?rest_route=\/wp\/v2\/types\/post"}],"author":[{"embeddable":true,"href":"https:\/\/encuentroinformativo.com.mx\/index.php?rest_route=\/wp\/v2\/users\/2476"}],"replies":[{"embeddable":true,"href":"https:\/\/encuentroinformativo.com.mx\/index.php?rest_route=%2Fwp%2Fv2%2Fcomments&post=61058"}],"version-history":[{"count":1,"href":"https:\/\/encuentroinformativo.com.mx\/index.php?rest_route=\/wp\/v2\/posts\/61058\/revisions"}],"predecessor-version":[{"id":61060,"href":"https:\/\/encuentroinformativo.com.mx\/index.php?rest_route=\/wp\/v2\/posts\/61058\/revisions\/61060"}],"wp:featuredmedia":[{"embeddable":true,"href":"https:\/\/encuentroinformativo.com.mx\/index.php?rest_route=\/wp\/v2\/media\/61059"}],"wp:attachment":[{"href":"https:\/\/encuentroinformativo.com.mx\/index.php?rest_route=%2Fwp%2Fv2%2Fmedia&parent=61058"}],"wp:term":[{"taxonomy":"category","embeddable":true,"href":"https:\/\/encuentroinformativo.com.mx\/index.php?rest_route=%2Fwp%2Fv2%2Fcategories&post=61058"},{"taxonomy":"post_tag","embeddable":true,"href":"https:\/\/encuentroinformativo.com.mx\/index.php?rest_route=%2Fwp%2Fv2%2Ftags&post=61058"}],"curies":[{"name":"wp","href":"https:\/\/api.w.org\/{rel}","templated":true}]}}