{"id":61061,"date":"2024-11-21T20:42:07","date_gmt":"2024-11-22T02:42:07","guid":{"rendered":"https:\/\/encuentroinformativo.com.mx\/?p=61061"},"modified":"2024-11-21T20:42:16","modified_gmt":"2024-11-22T02:42:16","slug":"crearian-comision-especial-para-fomentar-la-promocion-y-proteccion-de-la-vainilla","status":"publish","type":"post","link":"https:\/\/encuentroinformativo.com.mx\/?p=61061","title":{"rendered":"Crear\u00edan Comisi\u00f3n Especial para fomentar la promoci\u00f3n y protecci\u00f3n de la vainilla"},"content":{"rendered":"\n<p><strong>* Atender\u00eda las problem\u00e1ticas que enfrentan los productores del arom\u00e1tico.<\/strong><\/p>\n\n\n\n<p>Xalapa, Ver.- Durante la Cuarta Sesi\u00f3n Ordinaria de la LXVII Legislatura, la diputada Miriam Garc\u00eda Guzm\u00e1n present\u00f3 ante al Pleno un Anteproyecto con Punto de Acuerdo por el que propone la creaci\u00f3n de una Comisi\u00f3n Especial que atender\u00eda lo relativo al Fomento, Promoci\u00f3n y Protecci\u00f3n de la Vainilla.<\/p>\n\n\n\n<p>Al hacer uso de la tribuna, la legisladora expres\u00f3 que seg\u00fan datos de la Organizaci\u00f3n de las Naciones Unidas para la Alimentaci\u00f3n y Agricultura, M\u00e9xico se clasifica como el tercer productor mundial del arom\u00e1tico con alrededor de 609 toneladas al a\u00f1o. Es decir, el 9.9 por ciento de la producci\u00f3n.<\/p>\n\n\n\n<p>Por lo anterior, asegur\u00f3 que Veracruz es el principal productor con una participaci\u00f3n de 76.4 por ciento y con un volumen superior a las 417 toneladas.<\/p>\n\n\n\n<p>Actualmente, indic\u00f3, el cultivo de la vainilla en M\u00e9xico ha disminuido en un 70 por ciento, toda vez que productores en el ramo dejaron de cultivar o han sustituido este producto por siembras m\u00e1s redituables, debido a las diversas problem\u00e1ticas que los aquejan como son las plagas, enfermedades, erosi\u00f3n gen\u00e9tica, robo, adem\u00e1s de asuntos de organizaci\u00f3n campesina, inestabilidad de los precios, el cambio clim\u00e1tico, descapitalizaci\u00f3n, competencia desleal, entre otras.<\/p>\n\n\n\n<p>La representante popular dijo que hist\u00f3ricamente la vainilla ha representado para M\u00e9xico identidad cultural y reconocimiento internacional, teniendo un lugar especial la producida en la regi\u00f3n de Papantla como denominaci\u00f3n de origen, gracias a su calidad y singular sabor.<\/p>\n\n\n\n<p>Record\u00f3 que aunque existe un ordenamiento legal para fomentar y proteger la vainilla, este data de 1941, por lo que se encuentra desfasado con el contexto social, econ\u00f3mico y ambiental de hoy en d\u00eda.<\/p>\n\n\n\n<p>\u201cDesde esta tribuna quiero refrendar mi compromiso con todas y todos los productores de vainilla, no s\u00f3lo de Papantla, sino de todo el estado de Veracruz, para trabajar juntos y as\u00ed regrese esa \u00e9poca de oro de la vainilla\u201d, concluy\u00f3.<\/p>\n\n\n\n<p>El anteproyecto fue turnado a la Junta de Coordinaci\u00f3n Pol\u00edtica.<\/p>\n","protected":false},"excerpt":{"rendered":"<p>* Atender\u00eda las problem\u00e1ticas que enfrentan los productores del arom\u00e1tico. Xalapa, Ver.- Durante la Cuarta Sesi\u00f3n Ordinaria de la LXVII Legislatura, la diputada Miriam Garc\u00eda Guzm\u00e1n present\u00f3 ante al Pleno un Anteproyecto con Punto de Acuerdo por el que propone la creaci\u00f3n de una Comisi\u00f3n Especial que atender\u00eda lo relativo al Fomento, Promoci\u00f3n y Protecci\u00f3n [&hellip;]<\/p>\n","protected":false},"author":2476,"featured_media":61062,"comment_status":"open","ping_status":"open","sticky":false,"template":"","format":"standard","meta":{"_jetpack_memberships_contains_paid_content":false,"footnotes":""},"categories":[2],"tags":[],"class_list":["post-61061","post","type-post","status-publish","format-standard","has-post-thumbnail","hentry","category-estado"],"jetpack_featured_media_url":"https:\/\/encuentroinformativo.com.mx\/wp-content\/uploads\/2024\/11\/IMG-20241121-WA0121.jpg","jetpack_sharing_enabled":true,"jetpack_likes_enabled":true,"amp_enabled":true,"_links":{"self":[{"href":"https:\/\/encuentroinformativo.com.mx\/index.php?rest_route=\/wp\/v2\/posts\/61061","targetHints":{"allow":["GET"]}}],"collection":[{"href":"https:\/\/encuentroinformativo.com.mx\/index.php?rest_route=\/wp\/v2\/posts"}],"about":[{"href":"https:\/\/encuentroinformativo.com.mx\/index.php?rest_route=\/wp\/v2\/types\/post"}],"author":[{"embeddable":true,"href":"https:\/\/encuentroinformativo.com.mx\/index.php?rest_route=\/wp\/v2\/users\/2476"}],"replies":[{"embeddable":true,"href":"https:\/\/encuentroinformativo.com.mx\/index.php?rest_route=%2Fwp%2Fv2%2Fcomments&post=61061"}],"version-history":[{"count":2,"href":"https:\/\/encuentroinformativo.com.mx\/index.php?rest_route=\/wp\/v2\/posts\/61061\/revisions"}],"predecessor-version":[{"id":61064,"href":"https:\/\/encuentroinformativo.com.mx\/index.php?rest_route=\/wp\/v2\/posts\/61061\/revisions\/61064"}],"wp:featuredmedia":[{"embeddable":true,"href":"https:\/\/encuentroinformativo.com.mx\/index.php?rest_route=\/wp\/v2\/media\/61062"}],"wp:attachment":[{"href":"https:\/\/encuentroinformativo.com.mx\/index.php?rest_route=%2Fwp%2Fv2%2Fmedia&parent=61061"}],"wp:term":[{"taxonomy":"category","embeddable":true,"href":"https:\/\/encuentroinformativo.com.mx\/index.php?rest_route=%2Fwp%2Fv2%2Fcategories&post=61061"},{"taxonomy":"post_tag","embeddable":true,"href":"https:\/\/encuentroinformativo.com.mx\/index.php?rest_route=%2Fwp%2Fv2%2Ftags&post=61061"}],"curies":[{"name":"wp","href":"https:\/\/api.w.org\/{rel}","templated":true}]}}