{"id":61065,"date":"2024-11-21T20:47:26","date_gmt":"2024-11-22T02:47:26","guid":{"rendered":"https:\/\/encuentroinformativo.com.mx\/?p=61065"},"modified":"2024-11-21T20:47:33","modified_gmt":"2024-11-22T02:47:33","slug":"anuncia-alcalde-jm-unanue-regreso-de-la-caravana-navidena-coca-cola","status":"publish","type":"post","link":"https:\/\/encuentroinformativo.com.mx\/?p=61065","title":{"rendered":"Anuncia Alcalde JM Un\u00e1nue regreso de la Caravana Navide\u00f1a Coca-Cola"},"content":{"rendered":"\n<p><strong>* Despu\u00e9s de 16 a\u00f1os, el bulevar Manuel \u00c1vila Camacho volver\u00e1 a vivir la magia y alegr\u00eda de este tradicional desfile.<\/strong><\/p>\n\n\n\n<p>Boca del R\u00edo, Ver.- El alcalde de Boca del R\u00edo, Juan Manuel Un\u00e1nue Abascal, dio la bienvenida a la \u201cCaravana Coca-Cola\u201d 2024, un desfile navide\u00f1o que se realizar\u00e1 en el bulevar Manuel \u00c1vila Camacho el pr\u00f3ximo 27 de noviembre.<\/p>\n\n\n\n<p>\u201cEste tipo de eventos le viene a la zona conurbada previo a la \u00e9poca decembrina, y qu\u00e9 mejor para los turistas que a estas alturas van llegando para pasar estas fechas tan especiales tanto en Veracruz como en Boca del R\u00edo\u201d, dijo el presidente municipal.<\/p>\n\n\n\n<p>Junto a la alcaldesa de Veracruz, Patricia Lobeira Rodr\u00edguez y autoridades de la empresa refresquera, dieron a conocer los pormenores del magno evento que espera aglutinar a m\u00e1s de 150 mil personas lo largo del recorrido y romper el r\u00e9cord de asistencia que tiene la Ciudad de M\u00e9xico.<\/p>\n\n\n\n<p>Dicho desfile iniciar\u00e1 en punto de las 19 horas teniendo como punto de inicio de norte a sur (de Veracruz a Boca del R\u00edo) sobre el bulevar Manuel \u00c1vila Camacho, a la altura de la calle Francisco Hern\u00e1ndez y Hern\u00e1ndez, hasta llegar al bulevar Adolfo Ruiz Cortines, girando a la derecha para finalizar en la calzada Juan Pablo II.<\/p>\n\n\n\n<p>Tras 16 a\u00f1os de no realizarse en la conurbaci\u00f3n, este 2024 retorna con un contingente de 24 elementos y una longitud de 200 metros de largo, as\u00ed como 300 personas en escena.<\/p>\n\n\n\n<p>Samuel Ferrer Mijangos, Gerente de Asuntos Corporativos y Gubernamentales de Coca Cola-Femsa, inform\u00f3 que la empresa invierte alrededor de ocho millones de pesos para realizaci\u00f3n del desfile.<\/p>\n\n\n\n<p>\u201cLo digo de nuevo y lo reafirmo, esto no ser\u00eda posible si no fuera gracias al apoyo y coordinaci\u00f3n que tenemos tanto con el Ayuntamiento de Veracruz como con el Ayuntamiento de Boca del R\u00edo, presidenta, presidente muchas gracias\u201d, expres\u00f3 Ferrar Mijangos.<\/p>\n\n\n\n<p>Ambos mun\u00edcipes coincidieron que este evento resulta una nueva oportunidad para impulsar la reactivaci\u00f3n econ\u00f3mica de la zona, pues al ser la \u00fanica sede en el estado que visitar\u00e1 la \u201cCaravana Navide\u00f1a Coca-Cola\u201d, se espera el arribo de visitantes de otros municipios de la entidad veracruzana, generando una importante derrama econ\u00f3mica, as\u00ed como ocupaci\u00f3n hotelera.<\/p>\n\n\n\n<p>Por \u00faltimo, Un\u00e1nue Abascal reiter\u00f3 la invitaci\u00f3n para este evento familiar y seguro, donde se implementar\u00e1 un operativo preventivo integrado por la Polic\u00eda Municipal de Boca del R\u00edo, Tr\u00e1nsito Municipal, as\u00ed como Protecci\u00f3n Civil boque\u00f1o.<\/p>\n\n\n\n<figure class=\"wp-block-image size-large\"><img loading=\"lazy\" decoding=\"async\" width=\"1024\" height=\"682\" src=\"https:\/\/encuentroinformativo.com.mx\/wp-content\/uploads\/2024\/11\/1000428026-1024x682.jpg\" alt=\"\" class=\"wp-image-61067\" srcset=\"https:\/\/encuentroinformativo.com.mx\/wp-content\/uploads\/2024\/11\/1000428026-1024x682.jpg 1024w, https:\/\/encuentroinformativo.com.mx\/wp-content\/uploads\/2024\/11\/1000428026-300x200.jpg 300w, https:\/\/encuentroinformativo.com.mx\/wp-content\/uploads\/2024\/11\/1000428026-768x512.jpg 768w, https:\/\/encuentroinformativo.com.mx\/wp-content\/uploads\/2024\/11\/1000428026.jpg 1280w\" sizes=\"auto, (max-width: 1024px) 100vw, 1024px\" \/><\/figure>\n","protected":false},"excerpt":{"rendered":"<p>* Despu\u00e9s de 16 a\u00f1os, el bulevar Manuel \u00c1vila Camacho volver\u00e1 a vivir la magia y alegr\u00eda de este tradicional desfile. Boca del R\u00edo, Ver.- El alcalde de Boca del R\u00edo, Juan Manuel Un\u00e1nue Abascal, dio la bienvenida a la \u201cCaravana Coca-Cola\u201d 2024, un desfile navide\u00f1o que se realizar\u00e1 en el bulevar Manuel \u00c1vila Camacho [&hellip;]<\/p>\n","protected":false},"author":2476,"featured_media":61066,"comment_status":"open","ping_status":"open","sticky":false,"template":"","format":"standard","meta":{"_jetpack_memberships_contains_paid_content":false,"footnotes":""},"categories":[2],"tags":[],"class_list":["post-61065","post","type-post","status-publish","format-standard","has-post-thumbnail","hentry","category-estado"],"jetpack_featured_media_url":"https:\/\/encuentroinformativo.com.mx\/wp-content\/uploads\/2024\/11\/IMG-20241121-WA0102.jpg","jetpack_sharing_enabled":true,"jetpack_likes_enabled":true,"amp_enabled":true,"_links":{"self":[{"href":"https:\/\/encuentroinformativo.com.mx\/index.php?rest_route=\/wp\/v2\/posts\/61065","targetHints":{"allow":["GET"]}}],"collection":[{"href":"https:\/\/encuentroinformativo.com.mx\/index.php?rest_route=\/wp\/v2\/posts"}],"about":[{"href":"https:\/\/encuentroinformativo.com.mx\/index.php?rest_route=\/wp\/v2\/types\/post"}],"author":[{"embeddable":true,"href":"https:\/\/encuentroinformativo.com.mx\/index.php?rest_route=\/wp\/v2\/users\/2476"}],"replies":[{"embeddable":true,"href":"https:\/\/encuentroinformativo.com.mx\/index.php?rest_route=%2Fwp%2Fv2%2Fcomments&post=61065"}],"version-history":[{"count":1,"href":"https:\/\/encuentroinformativo.com.mx\/index.php?rest_route=\/wp\/v2\/posts\/61065\/revisions"}],"predecessor-version":[{"id":61068,"href":"https:\/\/encuentroinformativo.com.mx\/index.php?rest_route=\/wp\/v2\/posts\/61065\/revisions\/61068"}],"wp:featuredmedia":[{"embeddable":true,"href":"https:\/\/encuentroinformativo.com.mx\/index.php?rest_route=\/wp\/v2\/media\/61066"}],"wp:attachment":[{"href":"https:\/\/encuentroinformativo.com.mx\/index.php?rest_route=%2Fwp%2Fv2%2Fmedia&parent=61065"}],"wp:term":[{"taxonomy":"category","embeddable":true,"href":"https:\/\/encuentroinformativo.com.mx\/index.php?rest_route=%2Fwp%2Fv2%2Fcategories&post=61065"},{"taxonomy":"post_tag","embeddable":true,"href":"https:\/\/encuentroinformativo.com.mx\/index.php?rest_route=%2Fwp%2Fv2%2Ftags&post=61065"}],"curies":[{"name":"wp","href":"https:\/\/api.w.org\/{rel}","templated":true}]}}