{"id":6108,"date":"2020-09-23T15:57:44","date_gmt":"2020-09-23T20:57:44","guid":{"rendered":"https:\/\/encuentroinformativo.com.mx\/?p=6108"},"modified":"2020-09-23T16:00:06","modified_gmt":"2020-09-23T21:00:06","slug":"por-pandemia-musicos-piden-a-gobierno-les-brinde-salario-minimo","status":"publish","type":"post","link":"https:\/\/encuentroinformativo.com.mx\/?p=6108","title":{"rendered":"Por pandemia, M\u00fasicos piden a Gobierno les brinde salario m\u00ednimo"},"content":{"rendered":"\n<p><strong>Dar\u00edo Pale <\/strong><\/p>\n\n\n\n<p>Xalapa, Ver.- El secretario general de M\u00fasicos de la CROC, Jaime Le\u00f3n Perea, dio a conocer que debido a la suspensi\u00f3n de sus actividades a causa de la pandemia de Covid-19 desde marzo pasado, los m\u00fasicos buscaron el amparo de la justicia federal para que el Gobierno de Veracruz les otorgue un salario m\u00ednimo vital.<\/p>\n\n\n\n<p>Entrevistado en las calles del centro de Xalapa, dio a conocer que solicitaron dos amparos, el 225\/2020 radicado en el Juzgado Sexto y el 219\/2020 en el Juzgado Cuarto, ante la falta de respuesta por parte de las autoridades.<\/p>\n\n\n\n<p>Inform\u00f3 que tan solo en su organizaci\u00f3n se cuentan al menos 7 mil agremiados y que desde el pasado 3 de abril solicitaron apoyos al Gobierno de Cuitl\u00e1huac Garc\u00eda Jim\u00e9nez pero nunca fue respondida, por lo cual buscaron ampararse contra el Gobernador y el presidente de la Rep\u00fablica, Andr\u00e9s Manuel L\u00f3pez Obrador.<\/p>\n\n\n\n<p>\u201cEl Presidente ya respondi\u00f3 que se hiciera cargo el Gobernador, el aparato judicial nos ha estado dando evasivas y por eso venimos, somos 11 delegaciones las que buscamos apoyo\u201d, se\u00f1al\u00f3.<\/p>\n\n\n\n<p>El l\u00edder de m\u00fasicos asegur\u00f3 que la situaci\u00f3n que viven quienes se dedican a este sector es cr\u00edtica, porque han tenido que recurrir al empe\u00f1o o venta de sus instrumentos de trabajo.<\/p>\n\n\n\n<p>\u201cHemos tenido ya decesos y la situaci\u00f3n no se ve para cu\u00e1ndo; en Veracruz el fin de semana hubo un evento masivo en las calles, cerraron Independencia y no puede ser que lo hagan y mientras nuestros centros de trabajo est\u00e1n cerrados\u201d, finaliz\u00f3.<\/p>\n","protected":false},"excerpt":{"rendered":"<p>Dar\u00edo Pale Xalapa, Ver.- El secretario general de M\u00fasicos de la CROC, Jaime Le\u00f3n Perea, dio a conocer que debido a la suspensi\u00f3n de sus actividades a causa de la pandemia de Covid-19 desde marzo pasado, los m\u00fasicos buscaron el amparo de la justicia federal para que el Gobierno de Veracruz les otorgue un salario [&hellip;]<\/p>\n","protected":false},"author":1,"featured_media":6110,"comment_status":"open","ping_status":"open","sticky":false,"template":"","format":"aside","meta":{"_jetpack_memberships_contains_paid_content":false,"footnotes":""},"categories":[3],"tags":[],"class_list":["post-6108","post","type-post","status-publish","format-aside","has-post-thumbnail","hentry","category-xalapa","post_format-post-format-aside"],"jetpack_featured_media_url":"https:\/\/encuentroinformativo.com.mx\/wp-content\/uploads\/2020\/09\/875306E1-3D52-4885-A1C9-9FACFDA53C96.jpeg","jetpack_sharing_enabled":true,"jetpack_likes_enabled":true,"amp_enabled":true,"_links":{"self":[{"href":"https:\/\/encuentroinformativo.com.mx\/index.php?rest_route=\/wp\/v2\/posts\/6108","targetHints":{"allow":["GET"]}}],"collection":[{"href":"https:\/\/encuentroinformativo.com.mx\/index.php?rest_route=\/wp\/v2\/posts"}],"about":[{"href":"https:\/\/encuentroinformativo.com.mx\/index.php?rest_route=\/wp\/v2\/types\/post"}],"author":[{"embeddable":true,"href":"https:\/\/encuentroinformativo.com.mx\/index.php?rest_route=\/wp\/v2\/users\/1"}],"replies":[{"embeddable":true,"href":"https:\/\/encuentroinformativo.com.mx\/index.php?rest_route=%2Fwp%2Fv2%2Fcomments&post=6108"}],"version-history":[{"count":1,"href":"https:\/\/encuentroinformativo.com.mx\/index.php?rest_route=\/wp\/v2\/posts\/6108\/revisions"}],"predecessor-version":[{"id":6109,"href":"https:\/\/encuentroinformativo.com.mx\/index.php?rest_route=\/wp\/v2\/posts\/6108\/revisions\/6109"}],"wp:featuredmedia":[{"embeddable":true,"href":"https:\/\/encuentroinformativo.com.mx\/index.php?rest_route=\/wp\/v2\/media\/6110"}],"wp:attachment":[{"href":"https:\/\/encuentroinformativo.com.mx\/index.php?rest_route=%2Fwp%2Fv2%2Fmedia&parent=6108"}],"wp:term":[{"taxonomy":"category","embeddable":true,"href":"https:\/\/encuentroinformativo.com.mx\/index.php?rest_route=%2Fwp%2Fv2%2Fcategories&post=6108"},{"taxonomy":"post_tag","embeddable":true,"href":"https:\/\/encuentroinformativo.com.mx\/index.php?rest_route=%2Fwp%2Fv2%2Ftags&post=6108"}],"curies":[{"name":"wp","href":"https:\/\/api.w.org\/{rel}","templated":true}]}}