{"id":61080,"date":"2024-11-22T12:50:45","date_gmt":"2024-11-22T18:50:45","guid":{"rendered":"https:\/\/encuentroinformativo.com.mx\/?p=61080"},"modified":"2024-11-22T12:50:50","modified_gmt":"2024-11-22T18:50:50","slug":"veracruzana-arranca-ganando-segundo-lugar-en-traje-tipico-estilizado-en-colombia","status":"publish","type":"post","link":"https:\/\/encuentroinformativo.com.mx\/?p=61080","title":{"rendered":"Veracruzana arranca ganando segundo lugar en Traje T\u00edpico Estilizado en Colombia"},"content":{"rendered":"\n<p><strong>Alejandro \u00c1vila<\/strong><\/p>\n\n\n\n<p>Veracruz, Ver.- En el marco del certamen de belleza Reina Mundial de la Pi\u00f1a 2024, la representante mexicana, Montserrat Pereyra, originaria del Puerto de Veracruz, obtuvo el segundo lugar en la categor\u00eda Traje T\u00edpico Estilizado.<\/p>\n\n\n\n<p>Con el traje denominado &#8220;Amor a la Mexicana&#8221;, dise\u00f1ado por Ariadna Perdomo, la veracruzana Montserrat Pereyra arranc\u00f3 los mejores comentarios de la nutrida asistencia y del jurado calificador que qued\u00f3 cautivado con la regia presencia de la veracruzana.<\/p>\n\n\n\n<p>El traje t\u00edpico estilizado &#8220;Mexicana de Coraz\u00f3n\/Amor a la Mexicana&#8221; est\u00e1 confeccionado en encaje italiano con rosas rojas en relieve en tefet\u00e1n rojo y como accesorio principal el Sombrero de Charro, perteneciente a la longeva colecci\u00f3n del Ballet Tradiciones de M\u00e9xico.<\/p>\n\n\n\n<p>El primer lugar fue para la representante de Ecuador, Arianna Albuja Valverde y tercer lugar, Ana Mar\u00eda Baquero Herran, de Colombia. Juan Carlos Garc\u00eda, director internacional del Reinado Mundial de la Pi\u00f1a fue quien coloc\u00f3 la banda a la ganadora.<\/p>\n\n\n\n<p>La gala de la semifinal de Traje T\u00edpico del certamen de belleza Reina Mundial de la Pi\u00f1a tuvo lugar en el plantel de las Unidades Tecnol\u00f3gicas de Santander (UTS) de este departamento de Bucaramanga, capital de Santander, Colombia.<\/p>\n\n\n\n<p>Queda pendiente la semifinal en Vestido de Fantas\u00eda y la gala final que tendr\u00e1 lugar el domingo 24 de noviembre.<\/p>\n\n\n\n<figure class=\"wp-block-image size-large\"><img loading=\"lazy\" decoding=\"async\" width=\"577\" height=\"1024\" src=\"https:\/\/encuentroinformativo.com.mx\/wp-content\/uploads\/2024\/11\/1000428414-577x1024.jpg\" alt=\"\" class=\"wp-image-61082\" srcset=\"https:\/\/encuentroinformativo.com.mx\/wp-content\/uploads\/2024\/11\/1000428414-577x1024.jpg 577w, https:\/\/encuentroinformativo.com.mx\/wp-content\/uploads\/2024\/11\/1000428414-169x300.jpg 169w, https:\/\/encuentroinformativo.com.mx\/wp-content\/uploads\/2024\/11\/1000428414-768x1364.jpg 768w, https:\/\/encuentroinformativo.com.mx\/wp-content\/uploads\/2024\/11\/1000428414-865x1536.jpg 865w, https:\/\/encuentroinformativo.com.mx\/wp-content\/uploads\/2024\/11\/1000428414-1153x2048.jpg 1153w, https:\/\/encuentroinformativo.com.mx\/wp-content\/uploads\/2024\/11\/1000428414-scaled.jpg 1441w\" sizes=\"auto, (max-width: 577px) 100vw, 577px\" \/><\/figure>\n","protected":false},"excerpt":{"rendered":"<p>Alejandro \u00c1vila Veracruz, Ver.- En el marco del certamen de belleza Reina Mundial de la Pi\u00f1a 2024, la representante mexicana, Montserrat Pereyra, originaria del Puerto de Veracruz, obtuvo el segundo lugar en la categor\u00eda Traje T\u00edpico Estilizado. Con el traje denominado &#8220;Amor a la Mexicana&#8221;, dise\u00f1ado por Ariadna Perdomo, la veracruzana Montserrat Pereyra arranc\u00f3 los [&hellip;]<\/p>\n","protected":false},"author":2476,"featured_media":61081,"comment_status":"open","ping_status":"open","sticky":false,"template":"","format":"standard","meta":{"_jetpack_memberships_contains_paid_content":false,"footnotes":""},"categories":[2],"tags":[],"class_list":["post-61080","post","type-post","status-publish","format-standard","has-post-thumbnail","hentry","category-estado"],"jetpack_featured_media_url":"https:\/\/encuentroinformativo.com.mx\/wp-content\/uploads\/2024\/11\/IMG-20241122-WA0038.jpg","jetpack_sharing_enabled":true,"jetpack_likes_enabled":true,"amp_enabled":true,"_links":{"self":[{"href":"https:\/\/encuentroinformativo.com.mx\/index.php?rest_route=\/wp\/v2\/posts\/61080","targetHints":{"allow":["GET"]}}],"collection":[{"href":"https:\/\/encuentroinformativo.com.mx\/index.php?rest_route=\/wp\/v2\/posts"}],"about":[{"href":"https:\/\/encuentroinformativo.com.mx\/index.php?rest_route=\/wp\/v2\/types\/post"}],"author":[{"embeddable":true,"href":"https:\/\/encuentroinformativo.com.mx\/index.php?rest_route=\/wp\/v2\/users\/2476"}],"replies":[{"embeddable":true,"href":"https:\/\/encuentroinformativo.com.mx\/index.php?rest_route=%2Fwp%2Fv2%2Fcomments&post=61080"}],"version-history":[{"count":1,"href":"https:\/\/encuentroinformativo.com.mx\/index.php?rest_route=\/wp\/v2\/posts\/61080\/revisions"}],"predecessor-version":[{"id":61083,"href":"https:\/\/encuentroinformativo.com.mx\/index.php?rest_route=\/wp\/v2\/posts\/61080\/revisions\/61083"}],"wp:featuredmedia":[{"embeddable":true,"href":"https:\/\/encuentroinformativo.com.mx\/index.php?rest_route=\/wp\/v2\/media\/61081"}],"wp:attachment":[{"href":"https:\/\/encuentroinformativo.com.mx\/index.php?rest_route=%2Fwp%2Fv2%2Fmedia&parent=61080"}],"wp:term":[{"taxonomy":"category","embeddable":true,"href":"https:\/\/encuentroinformativo.com.mx\/index.php?rest_route=%2Fwp%2Fv2%2Fcategories&post=61080"},{"taxonomy":"post_tag","embeddable":true,"href":"https:\/\/encuentroinformativo.com.mx\/index.php?rest_route=%2Fwp%2Fv2%2Ftags&post=61080"}],"curies":[{"name":"wp","href":"https:\/\/api.w.org\/{rel}","templated":true}]}}