{"id":61097,"date":"2024-11-22T18:08:55","date_gmt":"2024-11-23T00:08:55","guid":{"rendered":"https:\/\/encuentroinformativo.com.mx\/?p=61097"},"modified":"2024-11-22T18:09:00","modified_gmt":"2024-11-23T00:09:00","slug":"invertir-en-educacion-prioridad-en-veracruz","status":"publish","type":"post","link":"https:\/\/encuentroinformativo.com.mx\/?p=61097","title":{"rendered":"Invertir en educaci\u00f3n, prioridad en Veracruz"},"content":{"rendered":"\n<p><strong>* Conduce comisi\u00f3n respectiva la comparecencia del titular de la SEV, en la Glosa del Sexto Informe de Gobierno.<\/strong><\/p>\n\n\n\n<p>Xalapa, Ver.- Ante la Comisi\u00f3n Permanente de Educaci\u00f3n y Cultura, integrada por el diputado Jos\u00e9 Reveriano Mar\u00edn Hern\u00e1ndez, y por las legisladoras Luc\u00eda Bego\u00f1a Canales Barturen e Imelda Garrido Alvarado, presidente, secretaria y vocal, respectivamente, este d\u00eda se present\u00f3 el titular de la Secretar\u00eda de Educaci\u00f3n de Veracruz (SEV), V\u00edctor Emmanuel Vargas Barrientos, para exponer los avances en la materia logrados al sexto a\u00f1o de gobierno.<\/p>\n\n\n\n<p>A las 10:07 de la ma\u00f1ana inici\u00f3 este ejercicio de rendici\u00f3n de cuentas, en cuya primera etapa el funcionario inform\u00f3 sobre la atenci\u00f3n dada por esa dependencia a las principales demandas del magisterio veracruzano.<\/p>\n\n\n\n<p>Aqu\u00ed destac\u00f3 los procesos en los que casi tres mil aspirantes obtuvieron plaza de nuevo ingreso, las m\u00e1s de dos mil 100 plazas asignadas por promoci\u00f3n vertical y horizontal y las m\u00e1s de tres mil 200 basificaciones otorgadas este a\u00f1o al personal que cumpli\u00f3 los requisitos.<\/p>\n\n\n\n<p>A esto sum\u00f3 la inversi\u00f3n a incremento salarial, est\u00edmulos, seguros institucionales, procesos formativos dirigidos a docentes, directivos y personal de apoyo t\u00e9cnico.<\/p>\n\n\n\n<p>Durante el presente ejercicio \u2013prosigui\u00f3 el funcionario-, a trav\u00e9s del Instituto de Espacios Educativos, la SEV invirti\u00f3 m\u00e1s de 2 mil 500 millones de pesos para 351 obras de construcci\u00f3n y rehabilitaci\u00f3n de infraestructura. Adicion\u00f3 68 millones de pesos en equipamiento y mobiliario de planteles de educaci\u00f3n b\u00e1sica, media superior y superior, y una inversi\u00f3n superior a 2 millones de pesos en m\u00e1s de 11 mil reparaciones de mobiliario.<\/p>\n\n\n\n<p>El secretario de Educaci\u00f3n del estado mencion\u00f3 tambi\u00e9n que con el programa \u201cEscuela Garantizada, Escritura Garante\u201d m\u00e1s planteles obtuvieron certeza jur\u00eddica al recibir 360 documentos de propiedad este a\u00f1o, lo que a\u00f1adi\u00f3, ha facilitado su acceso a programas federales y estatales para mejorar infraestructura y equipamiento.<\/p>\n\n\n\n<p>Habl\u00f3 de distintas estrategias como la Pol\u00edtica Estatal de Aprendizajes Fundamentales Imprescindibles y el Programa Estatal de Oferta Educativa, y la tercera edici\u00f3n de las Expoferias Educativas realizadas en las 10 regiones del estado, as\u00ed como los m\u00e1s de 600 cursos, talleres y otros procesos formativos sobre cultura de paz, derechos humanos, igualdad de g\u00e9nero, prevenci\u00f3n de adicciones y violencia.<\/p>\n\n\n\n<p>En otro rubro elemental, este a\u00f1o, m\u00e1s de 870 mil estudiantes fueron beneficiados a trav\u00e9s de las Becas para el Bienestar Benito Ju\u00e1rez y del Sistema Estatal de Becas. Durante los seis a\u00f1os de esta administraci\u00f3n estatal, fueron entregadas cuatro millones 300 mil 441 becas estatales y federales.<\/p>\n\n\n\n<p>Se\u00f1al\u00f3 tambi\u00e9n las acciones en favor del deporte escolar, social y de alto rendimiento con apoyos a atletas, deportistas y entrenadores, y el respaldo a 562 proyectos de investigaci\u00f3n y programas realizados por instituciones de educaci\u00f3n tecnol\u00f3gica por m\u00e1s de 20 millones de pesos.<\/p>\n\n\n\n<p>Por \u00faltimo, V\u00edctor Emmanuel Vargas Barrientos hizo un amplio reconocimiento a las y los estudiantes veracruzanos que han obtenido importantes distinciones y primeros lugares en concursos cient\u00edficos y tecnol\u00f3gicos nacionales e internacionales.<\/p>\n\n\n\n<p>En la comparecencia estuvo presente \u00c1ngela Elena Olazar\u00e1n Laureano, la mejor estudiante del mundo en el Global Student Prize 2024, eqresada del plantel 144 del Conalep de Papantla, seleccionada entre m\u00e1s de 11 mil candidatos de 176 pa\u00edses.<\/p>\n\n\n\n<p>Participaci\u00f3n de diputadas y diputados<\/p>\n\n\n\n<p>En la primera ronda, participaron las diputadas Victoria Guti\u00e9rrez P\u00e9rez (Morena), Ang\u00e9lica Pe\u00f1a Mart\u00ednez (PVEM) y Elizabeth Morales Garc\u00eda (PT), con preguntas sobre las acciones de la SEV para fortalecer las \u00e1reas de alfabetizaci\u00f3n temprana y habilidades matem\u00e1ticas, el apoyo a estudiantes de educaci\u00f3n media superior y superior en recuperaci\u00f3n de habilidades de aprendizaje, existencia o no de pendientes de pago a docentes, el motivo del retraso de pago a interinos y sustitutos, total de trabajadores beneficiados con la nivelaci\u00f3n salarial federal 2024 y estrategias para que los estatales tambi\u00e9n se vean favorecidos.<\/p>\n\n\n\n<p>Adem\u00e1s, sobre el objetivo e impacto de la tercera edici\u00f3n de la Expoferia Educativa en Veracruz, el n\u00famero de j\u00f3venes que retomaron sus estudios a partir de las estrategias de la dependencia, el apoyo a deportistas que participan en competencias nacionales y de qu\u00e9 manera se benefician estudiantes ind\u00edgenas, logros en alfabetizaci\u00f3n y los municipios que registraron mayor avance en la materia y los que presentaron rezago, resultados del IVEA, la estrategia para disminuir el \u00edndice de reprobaci\u00f3n y de qu\u00e9 manera coadyuv\u00f3 el gobierno federal.<\/p>\n\n\n\n<p>Tambi\u00e9n participaron los diputados Fernando Yunes M\u00e1rquez (PAN) y H\u00e9ctor Yunes Landa (PRI) y la legisladora Mar\u00eda Elena C\u00f3rdova Molina (MC), quienes preguntaron por el tr\u00e1mite para la regularizaci\u00f3n de los predios escolares, el presupuesto destinado a espacios educativos y el riesgo de caer en subejercicio, el monto de inversi\u00f3n en el estadio Luis \u201cPirata\u201d Fuente y el \u201cNido del Halc\u00f3n\u201d, las estrategias para enfrentar el rezago educativo en el estado y las acciones para revertir los resultados de la prueba PISA.<\/p>\n\n\n\n<p>Solicitaron informaci\u00f3n relativa a las acciones para abatir la deserci\u00f3n escolar, protocolos para evitar la falta de maestros en escuelas, supervisi\u00f3n en la administraci\u00f3n, manejo y monto ingresado por las cooperativas escolares, reportes por supuestas venta de plazas y tareas implementadas para dar soluci\u00f3n a los abusos cometidos en contra del magisterio por parte de financieras.<\/p>\n\n\n\n<p>En la segunda ronda participaron el legislador Daniel Cortina Mart\u00ednez (Morena) y las diputadas Ana Rosa Vald\u00e9s Salazar (PRI) y Montserrat Ortega Ruiz (PAN), quienes formularon sus cuestionamientos respecto a las recategorizaciones y el seguimiento dado, los acuerdos con organizaciones sindicales y el porcentaje de cumplimiento de los mismos y fecha de pago para maestros que fueron favorecidos tras aprobar ex\u00e1menes de evaluaci\u00f3n.<\/p>\n\n\n\n<p>As\u00ed como sobre el pago de seguros a docentes jubilados, monto cubierto, n\u00famero de beneficiados y c\u00f3mo garantizar que no se retrase; acciones para resolver la problem\u00e1tica en una escuela normal de educaci\u00f3n superior en el municipio de Tantoyuca, el monto y destino de los recursos por conceptos de tiendas escolares, combate al nepotismo en la dependencia, los estudios que ofrece el Consorcio Clavijero que no est\u00e9n registrados ante la SEV y el motivo para abrir \u00fanicamente dos veces la ventanilla de escuelas particulares.<\/p>\n\n\n\n<p>A las 14:17 horas, no habiendo m\u00e1s participaciones, el presidente de la Comisi\u00f3n Permanente de Educaci\u00f3n y Cultura, diputado Jos\u00e9 Reveriano Mar\u00edn Hern\u00e1ndez, dio por terminada la comparecencia.<\/p>\n","protected":false},"excerpt":{"rendered":"<p>* Conduce comisi\u00f3n respectiva la comparecencia del titular de la SEV, en la Glosa del Sexto Informe de Gobierno. Xalapa, Ver.- Ante la Comisi\u00f3n Permanente de Educaci\u00f3n y Cultura, integrada por el diputado Jos\u00e9 Reveriano Mar\u00edn Hern\u00e1ndez, y por las legisladoras Luc\u00eda Bego\u00f1a Canales Barturen e Imelda Garrido Alvarado, presidente, secretaria y vocal, respectivamente, este [&hellip;]<\/p>\n","protected":false},"author":2476,"featured_media":61098,"comment_status":"open","ping_status":"open","sticky":false,"template":"","format":"standard","meta":{"_jetpack_memberships_contains_paid_content":false,"footnotes":""},"categories":[2],"tags":[],"class_list":["post-61097","post","type-post","status-publish","format-standard","has-post-thumbnail","hentry","category-estado"],"jetpack_featured_media_url":"https:\/\/encuentroinformativo.com.mx\/wp-content\/uploads\/2024\/11\/IMG-20241122-WA0125.jpg","jetpack_sharing_enabled":true,"jetpack_likes_enabled":true,"amp_enabled":true,"_links":{"self":[{"href":"https:\/\/encuentroinformativo.com.mx\/index.php?rest_route=\/wp\/v2\/posts\/61097","targetHints":{"allow":["GET"]}}],"collection":[{"href":"https:\/\/encuentroinformativo.com.mx\/index.php?rest_route=\/wp\/v2\/posts"}],"about":[{"href":"https:\/\/encuentroinformativo.com.mx\/index.php?rest_route=\/wp\/v2\/types\/post"}],"author":[{"embeddable":true,"href":"https:\/\/encuentroinformativo.com.mx\/index.php?rest_route=\/wp\/v2\/users\/2476"}],"replies":[{"embeddable":true,"href":"https:\/\/encuentroinformativo.com.mx\/index.php?rest_route=%2Fwp%2Fv2%2Fcomments&post=61097"}],"version-history":[{"count":1,"href":"https:\/\/encuentroinformativo.com.mx\/index.php?rest_route=\/wp\/v2\/posts\/61097\/revisions"}],"predecessor-version":[{"id":61099,"href":"https:\/\/encuentroinformativo.com.mx\/index.php?rest_route=\/wp\/v2\/posts\/61097\/revisions\/61099"}],"wp:featuredmedia":[{"embeddable":true,"href":"https:\/\/encuentroinformativo.com.mx\/index.php?rest_route=\/wp\/v2\/media\/61098"}],"wp:attachment":[{"href":"https:\/\/encuentroinformativo.com.mx\/index.php?rest_route=%2Fwp%2Fv2%2Fmedia&parent=61097"}],"wp:term":[{"taxonomy":"category","embeddable":true,"href":"https:\/\/encuentroinformativo.com.mx\/index.php?rest_route=%2Fwp%2Fv2%2Fcategories&post=61097"},{"taxonomy":"post_tag","embeddable":true,"href":"https:\/\/encuentroinformativo.com.mx\/index.php?rest_route=%2Fwp%2Fv2%2Ftags&post=61097"}],"curies":[{"name":"wp","href":"https:\/\/api.w.org\/{rel}","templated":true}]}}