{"id":61103,"date":"2024-11-22T19:46:02","date_gmt":"2024-11-23T01:46:02","guid":{"rendered":"https:\/\/encuentroinformativo.com.mx\/?p=61103"},"modified":"2024-11-22T19:46:08","modified_gmt":"2024-11-23T01:46:08","slug":"aprueba-congreso-de-veracruz-minuta-en-materia-de-seguridad-publica","status":"publish","type":"post","link":"https:\/\/encuentroinformativo.com.mx\/?p=61103","title":{"rendered":"Aprueba Congreso de Veracruz minuta en materia de seguridad p\u00fablica"},"content":{"rendered":"\n<p><strong>* Por unanimidad, todas las fuerzas pol\u00edticas del estado respaldan la propuesta federal.<\/strong><\/p>\n\n\n\n<p>Xalapa, Ver.- El Pleno de la LXVII Legislatura del Congreso del Estado de Veracruz aprob\u00f3 con 43 votos, sin votos en contra ni abstenciones, la Minuta Proyecto de Decreto por el que se reforma y adiciona el Art\u00edculo 21 de la Constituci\u00f3n Pol\u00edtica de los Estados Unidos Mexicanos, en materia de seguridad p\u00fablica.<\/p>\n\n\n\n<p>De acuerdo con la minuta, remitida a esta Soberan\u00eda por la C\u00e1mara de Diputados del Congreso de la Uni\u00f3n, la investigaci\u00f3n de los delitos corresponde al Ministerio P\u00fablico, a la secretar\u00eda del ramo de seguridad p\u00fablica del Ejecutivo federal, a la Guardia Nacional y a las polic\u00edas, en el \u00e1mbito de su competencia, las cuales actuar\u00e1n bajo la conducci\u00f3n y mando de aqu\u00e9l en el ejercicio de esta funci\u00f3n.<\/p>\n\n\n\n<p>En cuanto a los fondos de ayuda federal para la seguridad p\u00fablica, a nivel nacional, aportados a las entidades federativas y municipios para ser destinados exclusivamente a estos fines, ser\u00e1n auditados y su debido ejercicio vigilado por el Sistema a trav\u00e9s de su Secretariado Ejecutivo.<\/p>\n\n\n\n<p>Establece que el Sistema contar\u00e1 con un Secretariado Ejecutivo, el cual podr\u00e1 ampliar las bases, emitir acuerdos y lineamientos; as\u00ed como realizar las acciones necesarias para lograr la homologaci\u00f3n de est\u00e1ndares y criterios, as\u00ed como una coordinaci\u00f3n eficiente, transparente y responsable, en el ejercicio de las atribuciones concurrentes de los tres \u00f3rdenes de gobierno; en todo momento en atenci\u00f3n a los fines del Sistema y los objetivos de la Estrategia Nacional de Seguridad P\u00fablica.<\/p>\n\n\n\n<p>Adem\u00e1s de formular, coordinar y dirigir la Estrategia Nacional de Seguridad P\u00fablica, la secretar\u00eda del ramo lo har\u00e1 tambi\u00e9n con los programas, las pol\u00edticas y acciones respectivos; auxiliar\u00e1 a la persona titular de la Presidencia de la Rep\u00fablica en el ejercicio de las funciones en materia de seguridad nacional; le corresponder\u00e1 la coordinaci\u00f3n del Sistema Nacional de Inteligencia en materia de seguridad p\u00fablica, en los t\u00e9rminos que se\u00f1ale la ley.<\/p>\n\n\n\n<p>Adem\u00e1s, podr\u00e1 coordinar las acciones de colaboraci\u00f3n de los tres \u00f3rdenes de gobierno, a trav\u00e9s de las instituciones de seguridad p\u00fablica, los cuales adem\u00e1s deber\u00e1n de proporcionar la informaci\u00f3n de que dispongan o que recaben en la materia conforme a la ley. Podr\u00e1 solicitar informaci\u00f3n a las instituciones y dependencias del Estado para la identificaci\u00f3n y esclarecimiento de los hechos presuntamente constitutivos de delitos.<\/p>\n\n\n\n<p>Posicionamientos<\/p>\n\n\n\n<p>En representaci\u00f3n del Grupo Legislativo de Morena, diputado Miguel Guillermo Pintos Guill\u00e9n, precis\u00f3 que esta reforma redefine el enfoque de seguridad en M\u00e9xico proyectando beneficios claros y concretos que incidir\u00e1n directamente en la vida de las y los ciudadanos, entre los que destac\u00f3: Mayor capacidad de investigaci\u00f3n, eficiencia en la utilizaci\u00f3n de los recursos, optimizaci\u00f3n mediante el uso de tecnolog\u00eda e inteligencia, coordinaci\u00f3n interinstitucional y unificaci\u00f3n de criterios, fortalecimiento del Sistema Nacional de Seguridad P\u00fablica y una estrategia contra la impunidad.<\/p>\n\n\n\n<p>El diputado H\u00e9ctor Yunes Landa, del Partido Revolucionario Institucional (PRI), dijo que su voto y de la diputada Ana Rosa Vald\u00e9s Salazar ser\u00eda a favor debido a que, desde \u201cuna oposici\u00f3n responsable y no sistem\u00e1ticamente antag\u00f3nica\u201d, \u201centendemos que la Presidenta de la Rep\u00fablica necesita recursos materiales y humanos, pero tambi\u00e9n legales y constitucionales para responder con la mayor contundencia ante el crimen organizado\u201d.<\/p>\n\n\n\n<p>Por el Grupo Legislativo del Partido del Trabajo (PT), el diputado Luis Vicente Aguilar Castillo consider\u00f3 que la investigaci\u00f3n de los delitos se ve fortalecida con la incorporaci\u00f3n de la Secretar\u00eda de Seguridad del Ejecutivo federal y de la Guardia Nacional a estas tareas; con lo cual, adem\u00e1s de fortalecer la colaboraci\u00f3n y coordinaci\u00f3n en la materia, mejorar\u00e1 la actuaci\u00f3n de las instituciones integrantes del Sistema Nacional de Seguridad P\u00fablica.<\/p>\n\n\n\n<p>Posteriormente, el diputado Carlos Marcelo Ruiz S\u00e1nchez, del Grupo Legislativo del Partido Verde Ecologista de M\u00e9xico (PVEM), dijo que esta reforma reforzar\u00e1 los cuatro pilares de la Estrategia Nacional de Seguridad P\u00fablica que la Presidenta Claudia Sheinbaum dio a conocer en su toma de protesta: Atenci\u00f3n a las causas, Fortalecimiento de la inteligencia e investigaci\u00f3n, Consolidaci\u00f3n de la Guardia Nacional y Coordinaci\u00f3n entre los tres \u00f3rdenes de gobierno.<\/p>\n\n\n\n<p>A la fecha, tambi\u00e9n los congresos locales de Sinaloa, Tabasco, Tamaulipas, Sonora, Ciudad de M\u00e9xico, Colima, Chiapas y Baja California han respaldado este proyecto legislativo.<\/p>\n\n\n\n<h1 class=\"wp-block-heading\"><\/h1>\n","protected":false},"excerpt":{"rendered":"<p>* Por unanimidad, todas las fuerzas pol\u00edticas del estado respaldan la propuesta federal. Xalapa, Ver.- El Pleno de la LXVII Legislatura del Congreso del Estado de Veracruz aprob\u00f3 con 43 votos, sin votos en contra ni abstenciones, la Minuta Proyecto de Decreto por el que se reforma y adiciona el Art\u00edculo 21 de la Constituci\u00f3n [&hellip;]<\/p>\n","protected":false},"author":2476,"featured_media":61104,"comment_status":"open","ping_status":"open","sticky":false,"template":"","format":"standard","meta":{"_jetpack_memberships_contains_paid_content":false,"footnotes":""},"categories":[2],"tags":[],"class_list":["post-61103","post","type-post","status-publish","format-standard","has-post-thumbnail","hentry","category-estado"],"jetpack_featured_media_url":"https:\/\/encuentroinformativo.com.mx\/wp-content\/uploads\/2024\/11\/IMG-20241122-WA0152.jpg","jetpack_sharing_enabled":true,"jetpack_likes_enabled":true,"amp_enabled":true,"_links":{"self":[{"href":"https:\/\/encuentroinformativo.com.mx\/index.php?rest_route=\/wp\/v2\/posts\/61103","targetHints":{"allow":["GET"]}}],"collection":[{"href":"https:\/\/encuentroinformativo.com.mx\/index.php?rest_route=\/wp\/v2\/posts"}],"about":[{"href":"https:\/\/encuentroinformativo.com.mx\/index.php?rest_route=\/wp\/v2\/types\/post"}],"author":[{"embeddable":true,"href":"https:\/\/encuentroinformativo.com.mx\/index.php?rest_route=\/wp\/v2\/users\/2476"}],"replies":[{"embeddable":true,"href":"https:\/\/encuentroinformativo.com.mx\/index.php?rest_route=%2Fwp%2Fv2%2Fcomments&post=61103"}],"version-history":[{"count":1,"href":"https:\/\/encuentroinformativo.com.mx\/index.php?rest_route=\/wp\/v2\/posts\/61103\/revisions"}],"predecessor-version":[{"id":61105,"href":"https:\/\/encuentroinformativo.com.mx\/index.php?rest_route=\/wp\/v2\/posts\/61103\/revisions\/61105"}],"wp:featuredmedia":[{"embeddable":true,"href":"https:\/\/encuentroinformativo.com.mx\/index.php?rest_route=\/wp\/v2\/media\/61104"}],"wp:attachment":[{"href":"https:\/\/encuentroinformativo.com.mx\/index.php?rest_route=%2Fwp%2Fv2%2Fmedia&parent=61103"}],"wp:term":[{"taxonomy":"category","embeddable":true,"href":"https:\/\/encuentroinformativo.com.mx\/index.php?rest_route=%2Fwp%2Fv2%2Fcategories&post=61103"},{"taxonomy":"post_tag","embeddable":true,"href":"https:\/\/encuentroinformativo.com.mx\/index.php?rest_route=%2Fwp%2Fv2%2Ftags&post=61103"}],"curies":[{"name":"wp","href":"https:\/\/api.w.org\/{rel}","templated":true}]}}