{"id":61106,"date":"2024-11-23T09:50:50","date_gmt":"2024-11-23T15:50:50","guid":{"rendered":"https:\/\/encuentroinformativo.com.mx\/?p=61106"},"modified":"2024-11-23T09:50:56","modified_gmt":"2024-11-23T15:50:56","slug":"el-chino-chiquinando-y-hermida","status":"publish","type":"post","link":"https:\/\/encuentroinformativo.com.mx\/?p=61106","title":{"rendered":"EL CHINO, CHIQUINANDO Y HERMIDA"},"content":{"rendered":"\n<p><strong>Los Pol\u00edticos<\/strong><\/p>\n\n\n\n<p><strong>Salvador Mu\u00f1oz<\/strong><\/p>\n\n\n\n<p>El acuerdo, seg\u00fan dicen, es a\u00f1o y medio para el Chino \u00c1vila, y a\u00f1o y medio para Luis Carbonell\u2026 y no necesariamente hay que pensarlo de corrido. Es que adem\u00e1s de ese acuerdo, hay otro\u2026<\/p>\n\n\n\n<p>El otro acuerdo es que Movimiento Ciudadano ya tiene candidato desde hace rato, para competir por Boca del R\u00edo y ser\u00eda con la figura de\u2026 exacto! El Chino Avila\u2026<\/p>\n\n\n\n<p>A menos qu\u00e9\u2026<\/p>\n\n\n\n<p>S\u00ed, que el principal actor de los acuerdos establecidos en Movimiento Ciudadano tenga otra idea: quedarse los tres a\u00f1os y a su vez, desde este momento, impulsar otra figura a la candidatura por la presidencia municipal de Boca del R\u00edo\u2026<\/p>\n\n\n\n<p>II<\/p>\n\n\n\n<p>En el Puerto, mientras los morenos se ponen el pie unos a otros, en el PAN ya se empiezan a mover en aras de luchar por mantener no s\u00f3lo uno de los \u00faltimos fuertes de la Oposici\u00f3n, sino el Ayuntamiento hist\u00f3rico y m\u00e1s importante del Estado y del Pa\u00eds\u2026<\/p>\n\n\n\n<p>Circula desde la tarde de este viernes, una encuesta de la empresa GobernArte bajo el t\u00edtulo de Elecciones Municipios Veracruz 2025.<\/p>\n\n\n\n<p>Dicha encuesta se basa en dos preguntas b\u00e1sicas.<\/p>\n\n\n\n<p>La primera: \u00bfPor qu\u00e9 partido votar\u00eda si hoy fueran las elecciones a Presidente Municipal en Veracruz?<\/p>\n\n\n\n<p>El resultado arroja un 36.1 por ciento a favor de Morena seguido de un 22.3 por ciento del PAN. El PRI sale con 9.2%; el Verde, con 6.5; MC, con 5.4; PT, con 2.4 y un n\u00famero interesante: 18.1 por ciento, que por ninguno.<\/p>\n\n\n\n<p>(Ven el porqu\u00e9 se ponen el pie entre s\u00ed los morenos porte\u00f1os\u2026)<\/p>\n\n\n\n<p>As\u00ed es, tanto partido en el poder como Oposici\u00f3n deben enfocar sus bater\u00edas para convencer a esos que rechazan a los partidos, a la pol\u00edtica o a las elecciones\u2026<\/p>\n\n\n\n<p>La segunda pregunta est\u00e1 enfocada en el PAN y dice as\u00ed:<\/p>\n\n\n\n<p>De las siguientes opciones \u00bfqui\u00e9n cree que deber\u00eda ser el\/la candidato\/a del PAN para el cargo de Presidente Municipal en Veracruz?<\/p>\n\n\n\n<p>Hay cinco personajes y quien encabeza las preferencias es Fernando Yunes M\u00e1rquez con 23.5 por ciento, seguido de Miguel Hermida Copado con 18.9 por ciento; de ah\u00ed p\u2019al real, est\u00e1 Gerardo Loya Romero (12.4), Ver\u00f3nica Pulido Herrera (6.4) y Bingen Rementer\u00eda Molina (5.3) y con 8.5 por ciento, hay quienes esperan a otro candidato o candidata y otro dato interesante: un 25 por ciento no decide qui\u00e9n ser\u00eda su gallo o su galla.<\/p>\n\n\n\n<p>De los cinco personajes, tres compitieron en las pasadas elecciones por una curul; uno era diputado local y otro, ex alcalde del Puerto.<\/p>\n\n\n\n<p>De esos cinco, Bingen ha sido aspirante a la candidatura por la alcald\u00eda porte\u00f1a pero se le ha negado\u2026 el resto, con excepci\u00f3n de Chiquinando, hasta el momento, no han dicho \u201cEsta boca es m\u00eda\u201d.<\/p>\n\n\n\n<p>Como sea, el PAN no la tiene f\u00e1cil y quiz\u00e1s m\u00e1s complicada que nunca. Un buen principio para este partido que a veces pareciera que est\u00e1 m\u00e1s c\u00f3modo siendo Oposici\u00f3n, es unir fuerzas, grupos, y tratar de sacar la mejor carta para competir y aspirar a ganar\u2026<\/p>\n\n\n\n<p>Ah\u00ed est\u00e1 Chiquinando\u2026 ah\u00ed est\u00e1 Hermida\u2026 y quieren dar pelea!<\/p>\n","protected":false},"excerpt":{"rendered":"<p>Los Pol\u00edticos Salvador Mu\u00f1oz El acuerdo, seg\u00fan dicen, es a\u00f1o y medio para el Chino \u00c1vila, y a\u00f1o y medio para Luis Carbonell\u2026 y no necesariamente hay que pensarlo de corrido. Es que adem\u00e1s de ese acuerdo, hay otro\u2026 El otro acuerdo es que Movimiento Ciudadano ya tiene candidato desde hace rato, para competir por [&hellip;]<\/p>\n","protected":false},"author":2476,"featured_media":387,"comment_status":"open","ping_status":"open","sticky":false,"template":"","format":"standard","meta":{"_jetpack_memberships_contains_paid_content":false,"footnotes":""},"categories":[11],"tags":[],"class_list":["post-61106","post","type-post","status-publish","format-standard","has-post-thumbnail","hentry","category-opinion"],"jetpack_featured_media_url":"https:\/\/encuentroinformativo.com.mx\/wp-content\/uploads\/2020\/03\/7CF8A22B-2764-47BE-8F7F-38FE9E5D6A2F.jpeg","jetpack_sharing_enabled":true,"jetpack_likes_enabled":true,"amp_enabled":true,"_links":{"self":[{"href":"https:\/\/encuentroinformativo.com.mx\/index.php?rest_route=\/wp\/v2\/posts\/61106","targetHints":{"allow":["GET"]}}],"collection":[{"href":"https:\/\/encuentroinformativo.com.mx\/index.php?rest_route=\/wp\/v2\/posts"}],"about":[{"href":"https:\/\/encuentroinformativo.com.mx\/index.php?rest_route=\/wp\/v2\/types\/post"}],"author":[{"embeddable":true,"href":"https:\/\/encuentroinformativo.com.mx\/index.php?rest_route=\/wp\/v2\/users\/2476"}],"replies":[{"embeddable":true,"href":"https:\/\/encuentroinformativo.com.mx\/index.php?rest_route=%2Fwp%2Fv2%2Fcomments&post=61106"}],"version-history":[{"count":1,"href":"https:\/\/encuentroinformativo.com.mx\/index.php?rest_route=\/wp\/v2\/posts\/61106\/revisions"}],"predecessor-version":[{"id":61107,"href":"https:\/\/encuentroinformativo.com.mx\/index.php?rest_route=\/wp\/v2\/posts\/61106\/revisions\/61107"}],"wp:featuredmedia":[{"embeddable":true,"href":"https:\/\/encuentroinformativo.com.mx\/index.php?rest_route=\/wp\/v2\/media\/387"}],"wp:attachment":[{"href":"https:\/\/encuentroinformativo.com.mx\/index.php?rest_route=%2Fwp%2Fv2%2Fmedia&parent=61106"}],"wp:term":[{"taxonomy":"category","embeddable":true,"href":"https:\/\/encuentroinformativo.com.mx\/index.php?rest_route=%2Fwp%2Fv2%2Fcategories&post=61106"},{"taxonomy":"post_tag","embeddable":true,"href":"https:\/\/encuentroinformativo.com.mx\/index.php?rest_route=%2Fwp%2Fv2%2Ftags&post=61106"}],"curies":[{"name":"wp","href":"https:\/\/api.w.org\/{rel}","templated":true}]}}