{"id":61115,"date":"2024-11-23T15:57:57","date_gmt":"2024-11-23T21:57:57","guid":{"rendered":"https:\/\/encuentroinformativo.com.mx\/?p=61115"},"modified":"2024-11-23T15:58:03","modified_gmt":"2024-11-23T21:58:03","slug":"cualquiera-puede-sumarse-a-morena-tania-carola","status":"publish","type":"post","link":"https:\/\/encuentroinformativo.com.mx\/?p=61115","title":{"rendered":"Cualquiera puede sumarse a Morena: Tania Carola"},"content":{"rendered":"\n<p><strong>Dar\u00edo Pale <\/strong><\/p>\n\n\n\n<p>Xalapa, Ver.- Cualquiera puede sumarse a Morena, pero hay pr\u00e1cticas que no tienen cabida en el Instituto pol\u00edtico, as\u00ed lo dio a conocer la presidenta de la Mesa Directiva del Congreso del Estado, Tania Carola Viveros Ch\u00e1zaro.<\/p>\n\n\n\n<p>En entrevista, la exsecretaria de Formaci\u00f3n Pol\u00edtica del Movimiento record\u00f3 que a partir del 2022, Morena se abri\u00f3 de manera exponencial.<\/p>\n\n\n\n<p>&#8220;Entonces nuestro mensaje fue: aqu\u00ed todo mundo cabe, pero el tema de la formaci\u00f3n es como para aterrizar a qu\u00e9 llegamos, es decir, cualquiera puede llegar aqu\u00ed, pero es importante enfatizar que si bien las personas son bienvenidas, hay pr\u00e1cticas que no tienen cabida en este movimiento&#8221;, se\u00f1al\u00f3.<\/p>\n\n\n\n<p>De manera que esas son algunas de las cosas sobre las que reflexionan en la formaci\u00f3n pol\u00edtica.<\/p>\n\n\n\n<p>Viveros Ch\u00e1zaro record\u00f3 que los estatutos del Partido definen que no pueden tener funciones ejecutivas y un cargo de elecci\u00f3n popular.<\/p>\n\n\n\n<p>Por \u00faltimo coment\u00f3 que debido a ello, renunci\u00f3 a la cartera para asumir el cargo de diputada local, por lo que este s\u00e1bado se elegir\u00edan al nuevo secretario general y el nuevo secretario de formaci\u00f3n pol\u00edtica.<\/p>\n","protected":false},"excerpt":{"rendered":"<p>Dar\u00edo Pale Xalapa, Ver.- Cualquiera puede sumarse a Morena, pero hay pr\u00e1cticas que no tienen cabida en el Instituto pol\u00edtico, as\u00ed lo dio a conocer la presidenta de la Mesa Directiva del Congreso del Estado, Tania Carola Viveros Ch\u00e1zaro. En entrevista, la exsecretaria de Formaci\u00f3n Pol\u00edtica del Movimiento record\u00f3 que a partir del 2022, Morena [&hellip;]<\/p>\n","protected":false},"author":2476,"featured_media":61116,"comment_status":"open","ping_status":"open","sticky":false,"template":"","format":"standard","meta":{"_jetpack_memberships_contains_paid_content":false,"footnotes":""},"categories":[2],"tags":[],"class_list":["post-61115","post","type-post","status-publish","format-standard","has-post-thumbnail","hentry","category-estado"],"jetpack_featured_media_url":"https:\/\/encuentroinformativo.com.mx\/wp-content\/uploads\/2024\/11\/IMG-20241123-WA0056.jpg","jetpack_sharing_enabled":true,"jetpack_likes_enabled":true,"amp_enabled":true,"_links":{"self":[{"href":"https:\/\/encuentroinformativo.com.mx\/index.php?rest_route=\/wp\/v2\/posts\/61115","targetHints":{"allow":["GET"]}}],"collection":[{"href":"https:\/\/encuentroinformativo.com.mx\/index.php?rest_route=\/wp\/v2\/posts"}],"about":[{"href":"https:\/\/encuentroinformativo.com.mx\/index.php?rest_route=\/wp\/v2\/types\/post"}],"author":[{"embeddable":true,"href":"https:\/\/encuentroinformativo.com.mx\/index.php?rest_route=\/wp\/v2\/users\/2476"}],"replies":[{"embeddable":true,"href":"https:\/\/encuentroinformativo.com.mx\/index.php?rest_route=%2Fwp%2Fv2%2Fcomments&post=61115"}],"version-history":[{"count":1,"href":"https:\/\/encuentroinformativo.com.mx\/index.php?rest_route=\/wp\/v2\/posts\/61115\/revisions"}],"predecessor-version":[{"id":61117,"href":"https:\/\/encuentroinformativo.com.mx\/index.php?rest_route=\/wp\/v2\/posts\/61115\/revisions\/61117"}],"wp:featuredmedia":[{"embeddable":true,"href":"https:\/\/encuentroinformativo.com.mx\/index.php?rest_route=\/wp\/v2\/media\/61116"}],"wp:attachment":[{"href":"https:\/\/encuentroinformativo.com.mx\/index.php?rest_route=%2Fwp%2Fv2%2Fmedia&parent=61115"}],"wp:term":[{"taxonomy":"category","embeddable":true,"href":"https:\/\/encuentroinformativo.com.mx\/index.php?rest_route=%2Fwp%2Fv2%2Fcategories&post=61115"},{"taxonomy":"post_tag","embeddable":true,"href":"https:\/\/encuentroinformativo.com.mx\/index.php?rest_route=%2Fwp%2Fv2%2Ftags&post=61115"}],"curies":[{"name":"wp","href":"https:\/\/api.w.org\/{rel}","templated":true}]}}