{"id":61132,"date":"2024-11-25T09:14:42","date_gmt":"2024-11-25T15:14:42","guid":{"rendered":"https:\/\/encuentroinformativo.com.mx\/?p=61132"},"modified":"2024-11-25T09:14:47","modified_gmt":"2024-11-25T15:14:47","slug":"alcalde-juan-manuel-unanue-entrega-domo-nuevo-al-cbtis-79","status":"publish","type":"post","link":"https:\/\/encuentroinformativo.com.mx\/?p=61132","title":{"rendered":"Alcalde Juan Manuel Un\u00e1nue entrega domo nuevo al CBTis 79"},"content":{"rendered":"\n<p><strong>* <em>Esta importante obra beneficiar\u00e1 a uno de los planteles con la matr\u00edcula de alumnos m\u00e1s alta del municipio<\/em>.<\/strong><\/p>\n\n\n\n<p>Boca del R\u00edo, Ver.- El alcalde de Boca del R\u00edo, Juan Manuel Un\u00e1nue Abascal, entreg\u00f3 la construcci\u00f3n de un domo nuevo a la comunidad estudiantil del CBTis 79.<\/p>\n\n\n\n<p>Se trata de uno de los siete domos que se entregaron este a\u00f1o a escuelas p\u00fablicas boque\u00f1as, aunque en este caso en particular, fue al plantel con la matr\u00edcula de alumnos m\u00e1s alta del municipio.<\/p>\n\n\n\n<p>\u201cTuvimos la oportunidad de construir el domo, no lo ten\u00edan, es una escuela de una matr\u00edcula muy importante y este espacio es utilizado todos los d\u00edas, no ten\u00edan sombra en donde llevar a cabo sus actividades c\u00edvicas, deportivas y diversos eventos; hoy es una realidad\u201d, destac\u00f3 el edil.<\/p>\n\n\n\n<p>El Centro de Bachillerato T\u00e9cnico Industrial y de Servicios 79 Mar\u00eda Soto La Marina\u201d, se encuentra ubicado en la colonia Primero de Mayo Norte y en el que ser\u00e1n beneficiados m\u00e1s de 3 mil alumnos, personal docente y administrativo.<\/p>\n\n\n\n<p>Un\u00e1nue Abascal enfatiz\u00f3 que en este 2024 se invirtieron m\u00e1s de 12 millones de pesos en techados escolares, sin dejar de lado los 234 aires acondicionados que entreg\u00f3 a 117 planteles de Boca del R\u00edo.<\/p>\n\n\n\n<p>Por su parte, la Directora del plantel educativo, Ver\u00f3nica Fierro Canela, agradeci\u00f3 al Presidente Municipal destacando su sensibilidad por entender la importancia y necesidad de este proyecto para los estudiantes.<\/p>\n\n\n\n<p>\u201cAyer fue un sue\u00f1o, hoy es una realidad (\u2026) Sin duda alguna, este es un espacio que permitir\u00e1 realizar actividades deportivas, culturales y acad\u00e9micas bajo condiciones \u00f3ptimas, protegi\u00e9ndonos del clima y creando un espacio para el desarrollo\u201d, expuso la directora.<\/p>\n\n\n\n<p>Representando a los estudiantes, Miranda Saavedra Ram\u00edrez, reconoci\u00f3 que ahora cuentan con un ambiente m\u00e1s seguro, c\u00f3modo y funcional.<\/p>\n\n\n\n<p>\u201cUsted (alcalde) es un ejemplo de compromiso y solidaridad con la educaci\u00f3n, un pilar fundamental para el progreso de la educaci\u00f3n. Le reiteramos nuestro reconocimiento y gratitud por contribuir a nuestro bienestar. Su noble acci\u00f3n ser\u00e1 siempre recordada con aprecio\u201d, expres\u00f3 la alumna.<\/p>\n\n\n\n<p>Dicho domo esta construido con 7 mil kilogramos de acero estructural, entre placas, columnas, vigas y largueros, adem\u00e1s de elementos estructurales, sumando 804 metros cuadrados de cubierta a base de l\u00e1mina; pint\u00e1ndose m\u00e1s de 500 metros cuadrados con pintura especial para estructuras met\u00e1licas.<\/p>\n\n\n\n<p>Finalmente, Juan Manuel Un\u00e1nue Abascal, agradeci\u00f3 el c\u00e1lido recibimiento qu\u00e9 recibi\u00f3 junto a su esposa la se\u00f1ora Melina Rivera de Un\u00e1nue, reiterando su compromiso a seguir apoyando a la educaci\u00f3n y juventud boque\u00f1a, afirmando adem\u00e1s que el pr\u00f3ximo a\u00f1o continuar\u00e1 con la entrega de aires acondicionados a m\u00e1s escuelas p\u00fablicas.<\/p>\n","protected":false},"excerpt":{"rendered":"<p>* Esta importante obra beneficiar\u00e1 a uno de los planteles con la matr\u00edcula de alumnos m\u00e1s alta del municipio. Boca del R\u00edo, Ver.- El alcalde de Boca del R\u00edo, Juan Manuel Un\u00e1nue Abascal, entreg\u00f3 la construcci\u00f3n de un domo nuevo a la comunidad estudiantil del CBTis 79. Se trata de uno de los siete domos [&hellip;]<\/p>\n","protected":false},"author":2476,"featured_media":61133,"comment_status":"open","ping_status":"open","sticky":false,"template":"","format":"standard","meta":{"_jetpack_memberships_contains_paid_content":false,"footnotes":""},"categories":[2],"tags":[],"class_list":["post-61132","post","type-post","status-publish","format-standard","has-post-thumbnail","hentry","category-estado"],"jetpack_featured_media_url":"https:\/\/encuentroinformativo.com.mx\/wp-content\/uploads\/2024\/11\/IMG-20241124-WA0096.jpg","jetpack_sharing_enabled":true,"jetpack_likes_enabled":true,"amp_enabled":true,"_links":{"self":[{"href":"https:\/\/encuentroinformativo.com.mx\/index.php?rest_route=\/wp\/v2\/posts\/61132","targetHints":{"allow":["GET"]}}],"collection":[{"href":"https:\/\/encuentroinformativo.com.mx\/index.php?rest_route=\/wp\/v2\/posts"}],"about":[{"href":"https:\/\/encuentroinformativo.com.mx\/index.php?rest_route=\/wp\/v2\/types\/post"}],"author":[{"embeddable":true,"href":"https:\/\/encuentroinformativo.com.mx\/index.php?rest_route=\/wp\/v2\/users\/2476"}],"replies":[{"embeddable":true,"href":"https:\/\/encuentroinformativo.com.mx\/index.php?rest_route=%2Fwp%2Fv2%2Fcomments&post=61132"}],"version-history":[{"count":1,"href":"https:\/\/encuentroinformativo.com.mx\/index.php?rest_route=\/wp\/v2\/posts\/61132\/revisions"}],"predecessor-version":[{"id":61134,"href":"https:\/\/encuentroinformativo.com.mx\/index.php?rest_route=\/wp\/v2\/posts\/61132\/revisions\/61134"}],"wp:featuredmedia":[{"embeddable":true,"href":"https:\/\/encuentroinformativo.com.mx\/index.php?rest_route=\/wp\/v2\/media\/61133"}],"wp:attachment":[{"href":"https:\/\/encuentroinformativo.com.mx\/index.php?rest_route=%2Fwp%2Fv2%2Fmedia&parent=61132"}],"wp:term":[{"taxonomy":"category","embeddable":true,"href":"https:\/\/encuentroinformativo.com.mx\/index.php?rest_route=%2Fwp%2Fv2%2Fcategories&post=61132"},{"taxonomy":"post_tag","embeddable":true,"href":"https:\/\/encuentroinformativo.com.mx\/index.php?rest_route=%2Fwp%2Fv2%2Ftags&post=61132"}],"curies":[{"name":"wp","href":"https:\/\/api.w.org\/{rel}","templated":true}]}}