{"id":61137,"date":"2024-11-25T11:41:15","date_gmt":"2024-11-25T17:41:15","guid":{"rendered":"https:\/\/encuentroinformativo.com.mx\/?p=61137"},"modified":"2024-11-25T11:41:20","modified_gmt":"2024-11-25T17:41:20","slug":"cuatro-personas-pierden-la-vida-en-accidente-en-la-xalapa-perote","status":"publish","type":"post","link":"https:\/\/encuentroinformativo.com.mx\/?p=61137","title":{"rendered":"Cuatro personas pierden la vida en accidente en la Xalapa &#8211; Perote"},"content":{"rendered":"\n<p><strong>Dar\u00edo Pale <\/strong><\/p>\n\n\n\n<p>Xalapa, Ver.- Lamentablemente cuatro personas fallecieron esta ma\u00f1ana en un tr\u00e1gico accidente en la autopista Xalapa-Perote a la altura del kil\u00f3metros 140 en la localidad El Fresno del municipio de Tlacolulan.<\/p>\n\n\n\n<p>Seg\u00fan algunos datos el cami\u00f3n de carga perdi\u00f3 el control al quedarse sin frenos, por lo que volc\u00f3 y se prendi\u00f3 en llamas ocasionando que la cabina del conductor quedar\u00e1 totalmente destrozada.<br>Debido al fuerte impacto las personas salieron proyectadas del veh\u00edculo quedando esparcidos sobre la cinta asf\u00e1ltica y otros quedaron prensados dentro de la unidad y otro de ellos quedo abajo del puente.<\/p>\n\n\n\n<p>Debido a este percance se movilizaron los diferentes cuerpos de emergencia entre estas fueron los bomberos de Xalapa, elementos de la Guardia Nacional, Polic\u00eda Estatal, ambulancias de EMS, Escuadr\u00f3n Nacional de Rescate, Auxilio vial de Copexa, y elementos de Protecci\u00f3n civil.<\/p>\n\n\n\n<p>La SPC mediante un comunicado confirm\u00f3 el fallecimiento de cuatro personas: \u201cEl incidente, que lamentablemente dej\u00f3 un saldo de cuatro personas fallecidas, activ\u00f3 la movilizaci\u00f3n de fuerzas de tarea que realizan labores de control y esperan la intervenci\u00f3n de la Fiscal\u00eda General del Estado para las diligencias correspondientes\u201d.<\/p>\n\n\n\n<p>Finalmente cabe se\u00f1alar que, la carretera Xalapa-Banderilla, a la altura de la localidad El Fresno, permanece obstruida en direcci\u00f3n a Perote, tras la volcadura e incendio de un tractocami\u00f3n registrado esta ma\u00f1ana.\u00a0<\/p>\n","protected":false},"excerpt":{"rendered":"<p>Dar\u00edo Pale Xalapa, Ver.- Lamentablemente cuatro personas fallecieron esta ma\u00f1ana en un tr\u00e1gico accidente en la autopista Xalapa-Perote a la altura del kil\u00f3metros 140 en la localidad El Fresno del municipio de Tlacolulan. Seg\u00fan algunos datos el cami\u00f3n de carga perdi\u00f3 el control al quedarse sin frenos, por lo que volc\u00f3 y se prendi\u00f3 en [&hellip;]<\/p>\n","protected":false},"author":2476,"featured_media":61138,"comment_status":"open","ping_status":"open","sticky":false,"template":"","format":"standard","meta":{"_jetpack_memberships_contains_paid_content":false,"footnotes":""},"categories":[8],"tags":[],"class_list":["post-61137","post","type-post","status-publish","format-standard","has-post-thumbnail","hentry","category-region"],"jetpack_featured_media_url":"https:\/\/encuentroinformativo.com.mx\/wp-content\/uploads\/2024\/11\/IMG-20241125-WA0017.jpg","jetpack_sharing_enabled":true,"jetpack_likes_enabled":true,"amp_enabled":true,"_links":{"self":[{"href":"https:\/\/encuentroinformativo.com.mx\/index.php?rest_route=\/wp\/v2\/posts\/61137","targetHints":{"allow":["GET"]}}],"collection":[{"href":"https:\/\/encuentroinformativo.com.mx\/index.php?rest_route=\/wp\/v2\/posts"}],"about":[{"href":"https:\/\/encuentroinformativo.com.mx\/index.php?rest_route=\/wp\/v2\/types\/post"}],"author":[{"embeddable":true,"href":"https:\/\/encuentroinformativo.com.mx\/index.php?rest_route=\/wp\/v2\/users\/2476"}],"replies":[{"embeddable":true,"href":"https:\/\/encuentroinformativo.com.mx\/index.php?rest_route=%2Fwp%2Fv2%2Fcomments&post=61137"}],"version-history":[{"count":1,"href":"https:\/\/encuentroinformativo.com.mx\/index.php?rest_route=\/wp\/v2\/posts\/61137\/revisions"}],"predecessor-version":[{"id":61139,"href":"https:\/\/encuentroinformativo.com.mx\/index.php?rest_route=\/wp\/v2\/posts\/61137\/revisions\/61139"}],"wp:featuredmedia":[{"embeddable":true,"href":"https:\/\/encuentroinformativo.com.mx\/index.php?rest_route=\/wp\/v2\/media\/61138"}],"wp:attachment":[{"href":"https:\/\/encuentroinformativo.com.mx\/index.php?rest_route=%2Fwp%2Fv2%2Fmedia&parent=61137"}],"wp:term":[{"taxonomy":"category","embeddable":true,"href":"https:\/\/encuentroinformativo.com.mx\/index.php?rest_route=%2Fwp%2Fv2%2Fcategories&post=61137"},{"taxonomy":"post_tag","embeddable":true,"href":"https:\/\/encuentroinformativo.com.mx\/index.php?rest_route=%2Fwp%2Fv2%2Ftags&post=61137"}],"curies":[{"name":"wp","href":"https:\/\/api.w.org\/{rel}","templated":true}]}}