{"id":61140,"date":"2024-11-25T12:18:44","date_gmt":"2024-11-25T18:18:44","guid":{"rendered":"https:\/\/encuentroinformativo.com.mx\/?p=61140"},"modified":"2024-11-25T12:18:51","modified_gmt":"2024-11-25T18:18:51","slug":"carpinteros-solicitan-apoyos-al-gobierno-estatal","status":"publish","type":"post","link":"https:\/\/encuentroinformativo.com.mx\/?p=61140","title":{"rendered":"Carpinteros solicitan apoyos al gobierno estatal"},"content":{"rendered":"\n<p><strong>Dar\u00edo Pale<\/strong><\/p>\n\n\n\n<p>Xalapa, Ver.- Carpinteros se manifestaron en la Plaza Lerdo para solicitar el apoyo del gobernador ante la falta de herramientas y recursos para seguir desempe\u00f1ando su trabajo, son del municipio de Tihuatl\u00e1n.<\/p>\n\n\n\n<p>Entrevistado durante la manifestaci\u00f3n Narciso del \u00c1ngel uno de los carpinteros asegur\u00f3 que tuvieron que recurrir a la protesta debido a la falta de respaldo de las autoridades municipales, a las cuales han expuesto la dif\u00edcil situaci\u00f3n que atraviesan.\u00a0<\/p>\n\n\n\n<p>Y es que a pesar de ser un municipio conocido por la producci\u00f3n de madera, las ventas de al menos 32 carpinteros han ca\u00eddo dr\u00e1sticamente, por lo que incluso varios han decidido abandonar el oficio.\u00a0<\/p>\n\n\n\n<p>&#8220;Nuestra herramienta ha estado deteriorada y el ingreso de nosotros no es muy elevado; no nos alcanza para mejorar nuestros talleres&#8221;, se\u00f1al\u00f3.<\/p>\n\n\n\n<p>&#8220;Estamos en un 60 por ciento de que ha bajado todo esto, y m\u00e1s porque hay muebler\u00edas grandes que compran y revenden. Y ah\u00ed es donde nosotros no nos dejan subir&#8221;, agreg\u00f3.\u00a0<\/p>\n\n\n\n<p>El carpintero afirm\u00f3 que el gobierno municipal no les hace caso y se\u00f1ala que no les puede otorgar ning\u00fan tipo por la falta de dinero, por lo que reiter\u00f3 el llamado al gobierno estatal.<\/p>\n\n\n\n<p>Finalmente coment\u00f3 que, &#8220;casi todo el pueblo es carpintero, se imagina cu\u00e1ntas familias podr\u00edan ser que dependen de esos ingresos&#8221;.<\/p>\n","protected":false},"excerpt":{"rendered":"<p>Dar\u00edo Pale Xalapa, Ver.- Carpinteros se manifestaron en la Plaza Lerdo para solicitar el apoyo del gobernador ante la falta de herramientas y recursos para seguir desempe\u00f1ando su trabajo, son del municipio de Tihuatl\u00e1n. Entrevistado durante la manifestaci\u00f3n Narciso del \u00c1ngel uno de los carpinteros asegur\u00f3 que tuvieron que recurrir a la protesta debido a [&hellip;]<\/p>\n","protected":false},"author":2476,"featured_media":61141,"comment_status":"open","ping_status":"open","sticky":false,"template":"","format":"standard","meta":{"_jetpack_memberships_contains_paid_content":false,"footnotes":""},"categories":[2],"tags":[],"class_list":["post-61140","post","type-post","status-publish","format-standard","has-post-thumbnail","hentry","category-estado"],"jetpack_featured_media_url":"https:\/\/encuentroinformativo.com.mx\/wp-content\/uploads\/2024\/11\/IMG-20241125-WA0024.jpg","jetpack_sharing_enabled":true,"jetpack_likes_enabled":true,"amp_enabled":true,"_links":{"self":[{"href":"https:\/\/encuentroinformativo.com.mx\/index.php?rest_route=\/wp\/v2\/posts\/61140","targetHints":{"allow":["GET"]}}],"collection":[{"href":"https:\/\/encuentroinformativo.com.mx\/index.php?rest_route=\/wp\/v2\/posts"}],"about":[{"href":"https:\/\/encuentroinformativo.com.mx\/index.php?rest_route=\/wp\/v2\/types\/post"}],"author":[{"embeddable":true,"href":"https:\/\/encuentroinformativo.com.mx\/index.php?rest_route=\/wp\/v2\/users\/2476"}],"replies":[{"embeddable":true,"href":"https:\/\/encuentroinformativo.com.mx\/index.php?rest_route=%2Fwp%2Fv2%2Fcomments&post=61140"}],"version-history":[{"count":1,"href":"https:\/\/encuentroinformativo.com.mx\/index.php?rest_route=\/wp\/v2\/posts\/61140\/revisions"}],"predecessor-version":[{"id":61142,"href":"https:\/\/encuentroinformativo.com.mx\/index.php?rest_route=\/wp\/v2\/posts\/61140\/revisions\/61142"}],"wp:featuredmedia":[{"embeddable":true,"href":"https:\/\/encuentroinformativo.com.mx\/index.php?rest_route=\/wp\/v2\/media\/61141"}],"wp:attachment":[{"href":"https:\/\/encuentroinformativo.com.mx\/index.php?rest_route=%2Fwp%2Fv2%2Fmedia&parent=61140"}],"wp:term":[{"taxonomy":"category","embeddable":true,"href":"https:\/\/encuentroinformativo.com.mx\/index.php?rest_route=%2Fwp%2Fv2%2Fcategories&post=61140"},{"taxonomy":"post_tag","embeddable":true,"href":"https:\/\/encuentroinformativo.com.mx\/index.php?rest_route=%2Fwp%2Fv2%2Ftags&post=61140"}],"curies":[{"name":"wp","href":"https:\/\/api.w.org\/{rel}","templated":true}]}}