{"id":61143,"date":"2024-11-25T12:36:47","date_gmt":"2024-11-25T18:36:47","guid":{"rendered":"https:\/\/encuentroinformativo.com.mx\/?p=61143"},"modified":"2024-11-25T12:36:53","modified_gmt":"2024-11-25T18:36:53","slug":"acudiran-la-presidenta-sheinbaum-y-14-gobernadores-a-toma-de-protesta-de-rocio-nahle","status":"publish","type":"post","link":"https:\/\/encuentroinformativo.com.mx\/?p=61143","title":{"rendered":"Acudir\u00e1n la presidenta Sheinbaum y 14 gobernadores a toma de protesta de Roc\u00edo Nahle"},"content":{"rendered":"\n<p><strong>Dar\u00edo Pale <\/strong><\/p>\n\n\n\n<p>Xalapa, Ver.- Confirm\u00f3 la asistencia de la presidenta de M\u00e9xico, Claudia Sheinbaum, y de 14 gobernadores a la toma de protesta de la gobernadora Roc\u00edo Nahle Garc\u00eda, as\u00ed lo inform\u00f3 el presidente de la Junta de Coordinaci\u00f3n Pol\u00edtica (JUCOPO) en el Congreso del Estado, Esteban Bautista Hern\u00e1ndez.<\/p>\n\n\n\n<p>En entrevista, el legislador de Morena, inform\u00f3 que ya confirmaron su asistencia 14 gobernadores de distintas entidades del pa\u00eds.\u00a0<\/p>\n\n\n\n<p>\u201cEl evento del d\u00eda domingo est\u00e1 plenamente garantizado, como les dec\u00eda nuestra compa\u00f1era gobernadora es la que est\u00e1 viendo la log\u00edstica, nosotros somos anfitriones. Vamos a tener a la presidenta de la Rep\u00fablica y a 14 gobernadores\u201d, se\u00f1al\u00f3.<\/p>\n\n\n\n<p>Est\u00e1 previsto que el evento de la toma de protesta de la gobernadora Roc\u00edo Nahle se lleve a cabo este domingo 1 de diciembre a las 10:00 de la ma\u00f1ana, posteriormente se trasladar\u00e1 a palacio de Gobierno, as\u00ed como a un evento en la plaza Lerdo.<\/p>\n\n\n\n<p>En otro tema, luego de la agresi\u00f3n a una reportera y a un diputado por parte de asistentes a la comparecencia del secretario de Seguridad P\u00fablica, Cuauht\u00e9moc Z\u00fa\u00f1iga Bonilla, se le pregunt\u00f3 sobre la revisi\u00f3n a bolsas por parte de elementos del IPAX, sin embargo, neg\u00f3 que ello est\u00e9 ocurriendo.<\/p>\n","protected":false},"excerpt":{"rendered":"<p>Dar\u00edo Pale Xalapa, Ver.- Confirm\u00f3 la asistencia de la presidenta de M\u00e9xico, Claudia Sheinbaum, y de 14 gobernadores a la toma de protesta de la gobernadora Roc\u00edo Nahle Garc\u00eda, as\u00ed lo inform\u00f3 el presidente de la Junta de Coordinaci\u00f3n Pol\u00edtica (JUCOPO) en el Congreso del Estado, Esteban Bautista Hern\u00e1ndez. En entrevista, el legislador de Morena, [&hellip;]<\/p>\n","protected":false},"author":2476,"featured_media":61144,"comment_status":"open","ping_status":"open","sticky":false,"template":"","format":"standard","meta":{"_jetpack_memberships_contains_paid_content":false,"footnotes":""},"categories":[2],"tags":[],"class_list":["post-61143","post","type-post","status-publish","format-standard","has-post-thumbnail","hentry","category-estado"],"jetpack_featured_media_url":"https:\/\/encuentroinformativo.com.mx\/wp-content\/uploads\/2024\/11\/IMG-20241125-WA0066.jpg","jetpack_sharing_enabled":true,"jetpack_likes_enabled":true,"amp_enabled":true,"_links":{"self":[{"href":"https:\/\/encuentroinformativo.com.mx\/index.php?rest_route=\/wp\/v2\/posts\/61143","targetHints":{"allow":["GET"]}}],"collection":[{"href":"https:\/\/encuentroinformativo.com.mx\/index.php?rest_route=\/wp\/v2\/posts"}],"about":[{"href":"https:\/\/encuentroinformativo.com.mx\/index.php?rest_route=\/wp\/v2\/types\/post"}],"author":[{"embeddable":true,"href":"https:\/\/encuentroinformativo.com.mx\/index.php?rest_route=\/wp\/v2\/users\/2476"}],"replies":[{"embeddable":true,"href":"https:\/\/encuentroinformativo.com.mx\/index.php?rest_route=%2Fwp%2Fv2%2Fcomments&post=61143"}],"version-history":[{"count":1,"href":"https:\/\/encuentroinformativo.com.mx\/index.php?rest_route=\/wp\/v2\/posts\/61143\/revisions"}],"predecessor-version":[{"id":61145,"href":"https:\/\/encuentroinformativo.com.mx\/index.php?rest_route=\/wp\/v2\/posts\/61143\/revisions\/61145"}],"wp:featuredmedia":[{"embeddable":true,"href":"https:\/\/encuentroinformativo.com.mx\/index.php?rest_route=\/wp\/v2\/media\/61144"}],"wp:attachment":[{"href":"https:\/\/encuentroinformativo.com.mx\/index.php?rest_route=%2Fwp%2Fv2%2Fmedia&parent=61143"}],"wp:term":[{"taxonomy":"category","embeddable":true,"href":"https:\/\/encuentroinformativo.com.mx\/index.php?rest_route=%2Fwp%2Fv2%2Fcategories&post=61143"},{"taxonomy":"post_tag","embeddable":true,"href":"https:\/\/encuentroinformativo.com.mx\/index.php?rest_route=%2Fwp%2Fv2%2Ftags&post=61143"}],"curies":[{"name":"wp","href":"https:\/\/api.w.org\/{rel}","templated":true}]}}