{"id":61149,"date":"2024-11-25T15:14:10","date_gmt":"2024-11-25T21:14:10","guid":{"rendered":"https:\/\/encuentroinformativo.com.mx\/?p=61149"},"modified":"2024-11-25T15:14:16","modified_gmt":"2024-11-25T21:14:16","slug":"veracruz-registra-57-feminicidios-senala-red-de-mujeres","status":"publish","type":"post","link":"https:\/\/encuentroinformativo.com.mx\/?p=61149","title":{"rendered":"Veracruz registra 57 feminicidios, se\u00f1ala Red de Mujeres"},"content":{"rendered":"\n<p><strong>Dar\u00edo Pale <\/strong><\/p>\n\n\n\n<p>Xalapa, Ver.- Estela Casados, integrante de la Red de Mujeres Feministas del Estado dio a conocer que van 57 feminicidios en Veracruz, Xalapa el municipio \u201cpuntero\u201d con mayor n\u00famero de casos, por lo que feministas esperan que haya consonancia de gobierno de Nahle con el de la presidenta Claudia Sheinbaum.<\/p>\n\n\n\n<p>Al llevar a cabo un plant\u00f3n en bajos de palacio de Gobierno, en el marco del D\u00eda Internacional para la Eliminaci\u00f3n de la Violencia contra la Mujer, coment\u00f3 que del 1 de enero al 31 de octubre de este a\u00f1o han ocurrido 57 feminicidios en la Entidad, revel\u00f3, con base en las cifras del Observatorio Universitario de Violencias contra las Mujeres de la Universidad Veracruzana.<\/p>\n\n\n\n<p>La acad\u00e9mica expuso que algunos de los municipios donde han ocurrido m\u00e1s cr\u00edmenes contra mujeres son Xalapa y Veracruz, incluso calific\u00f3 como municipio \u201cpuntero\u201d al de la capital del Estado.\u00a0<\/p>\n\n\n\n<p>Detall\u00f3 que los feminicidios han ocurrido contra mujeres de entre 20 y 40 a\u00f1os de edad, contrario al delito de la desaparici\u00f3n que han estado ocurriendo contra mujeres menores de edad.\u00a0<\/p>\n\n\n\n<p>Estela Casados record\u00f3 que el pasado 23 de noviembre se cumplieron 8 a\u00f1os de la declaratoria de la Alerta de Violencia de G\u00e9nero por feminicidios, sin embargo, la constante es la indiferencia por parte de quienes han ocupado el Poder Ejecutivo.<\/p>\n\n\n\n<p>En ese sentido, destac\u00f3 que la presidenta Claudia Sheinbaum haya creado la Secretar\u00eda de la Mujer, por lo cual esperan que en consonancia el gobierno de Roc\u00edo Nahle sea coherente o vaya alineado al gobierno Federal.\u00a0<\/p>\n\n\n\n<p>Asimismo, luego de que el secretario de Gobierno, Carlos Ju\u00e1rez Gil, adelantara la posibilidad de levantar la segunda Alerta de Violencia de G\u00e9nero, dijo que es preocupante, toda vez que no se han implementado debidamente.\u00a0<\/p>\n\n\n\n<p>\u201c\u00bfC\u00f3mo vas a levantar un mecanismo que dices que funciona bien, pero que al final de cuentas no ha sido debidamente ejecutado?, esperamos m\u00ednimamente que haya una congruencia con el gobierno Federal y ahora s\u00ed se trabaje el tema de las declaratorias\u201d, expres\u00f3.<\/p>\n\n\n\n<p>Record\u00f3 que hay una tercera solicitud de Alerta de Violencia de G\u00e9nero por desaparici\u00f3n de ni\u00f1as y mujeres, en tanto, su labor es informar a la sociedad en general sobre el estado de cosas y se unan para exigir a los gobiernos Federal y Estatal, que haya mayor protecci\u00f3n a las mujeres.\u00a0<\/p>\n\n\n\n<p>Estela Casados consider\u00f3 que m\u00e1s que tener en Veracruz una secretar\u00eda de la mujer, lo que se requiere es que se ponga al frente de esa o del Instituto Veracruzano de la Mujer, es a una persona que sepa del tema, que trabaje con perspectiva de g\u00e9nero, adem\u00e1s de que trabaje con personal y presupuesto para atender la situaci\u00f3n.<\/p>\n\n\n\n<p>Por \u00faltimo record\u00f3 que, m\u00e1s de la mitad de la poblaci\u00f3n total de los veracruzanos son mujeres, por lo que se requieren de m\u00e1s recursos para tomar medidas de prevenci\u00f3n.<\/p>\n","protected":false},"excerpt":{"rendered":"<p>Dar\u00edo Pale Xalapa, Ver.- Estela Casados, integrante de la Red de Mujeres Feministas del Estado dio a conocer que van 57 feminicidios en Veracruz, Xalapa el municipio \u201cpuntero\u201d con mayor n\u00famero de casos, por lo que feministas esperan que haya consonancia de gobierno de Nahle con el de la presidenta Claudia Sheinbaum. Al llevar a [&hellip;]<\/p>\n","protected":false},"author":2476,"featured_media":61150,"comment_status":"open","ping_status":"open","sticky":false,"template":"","format":"standard","meta":{"_jetpack_memberships_contains_paid_content":false,"footnotes":""},"categories":[2],"tags":[],"class_list":["post-61149","post","type-post","status-publish","format-standard","has-post-thumbnail","hentry","category-estado"],"jetpack_featured_media_url":"https:\/\/encuentroinformativo.com.mx\/wp-content\/uploads\/2024\/11\/IMG-20241125-WA0104.jpg","jetpack_sharing_enabled":true,"jetpack_likes_enabled":true,"amp_enabled":true,"_links":{"self":[{"href":"https:\/\/encuentroinformativo.com.mx\/index.php?rest_route=\/wp\/v2\/posts\/61149","targetHints":{"allow":["GET"]}}],"collection":[{"href":"https:\/\/encuentroinformativo.com.mx\/index.php?rest_route=\/wp\/v2\/posts"}],"about":[{"href":"https:\/\/encuentroinformativo.com.mx\/index.php?rest_route=\/wp\/v2\/types\/post"}],"author":[{"embeddable":true,"href":"https:\/\/encuentroinformativo.com.mx\/index.php?rest_route=\/wp\/v2\/users\/2476"}],"replies":[{"embeddable":true,"href":"https:\/\/encuentroinformativo.com.mx\/index.php?rest_route=%2Fwp%2Fv2%2Fcomments&post=61149"}],"version-history":[{"count":1,"href":"https:\/\/encuentroinformativo.com.mx\/index.php?rest_route=\/wp\/v2\/posts\/61149\/revisions"}],"predecessor-version":[{"id":61151,"href":"https:\/\/encuentroinformativo.com.mx\/index.php?rest_route=\/wp\/v2\/posts\/61149\/revisions\/61151"}],"wp:featuredmedia":[{"embeddable":true,"href":"https:\/\/encuentroinformativo.com.mx\/index.php?rest_route=\/wp\/v2\/media\/61150"}],"wp:attachment":[{"href":"https:\/\/encuentroinformativo.com.mx\/index.php?rest_route=%2Fwp%2Fv2%2Fmedia&parent=61149"}],"wp:term":[{"taxonomy":"category","embeddable":true,"href":"https:\/\/encuentroinformativo.com.mx\/index.php?rest_route=%2Fwp%2Fv2%2Fcategories&post=61149"},{"taxonomy":"post_tag","embeddable":true,"href":"https:\/\/encuentroinformativo.com.mx\/index.php?rest_route=%2Fwp%2Fv2%2Ftags&post=61149"}],"curies":[{"name":"wp","href":"https:\/\/api.w.org\/{rel}","templated":true}]}}