{"id":61159,"date":"2024-11-25T21:22:38","date_gmt":"2024-11-26T03:22:38","guid":{"rendered":"https:\/\/encuentroinformativo.com.mx\/?p=61159"},"modified":"2024-11-25T21:22:46","modified_gmt":"2024-11-26T03:22:46","slug":"solo-el-8-7-de-la-red-carretera-de-veracruz-fue-atendida-en-6-anos-adrian-avila","status":"publish","type":"post","link":"https:\/\/encuentroinformativo.com.mx\/?p=61159","title":{"rendered":"Solo el 8.7% de la Red Carretera de Veracruz fue atendida en 6 A\u00f1os: Adri\u00e1n \u00c1vila"},"content":{"rendered":"\n<p>Xalapa, Ver.- El diputado local Adri\u00e1n \u00c1vila Estrada cuestion\u00f3 la gesti\u00f3n de la Secretar\u00eda de Infraestructura y Obras P\u00fablicas del gobierno estatal, encabezada por Elio Hern\u00e1ndez Guti\u00e9rrez, se\u00f1alando que en los \u00faltimos seis a\u00f1os solo pudieron atender el 8.7% de la red carretera y de caminos del estado.<\/p>\n\n\n\n<p>\u00c1vila Estrada, diputado de Veracruz por Movimiento Ciudadano, enfatiz\u00f3 la falta de un plan estrat\u00e9gico a largo plazo para el desarrollo de Veracruz, a pesar de las 1,071 obras realizadas (un promedio de 175 por a\u00f1o). Si bien reconoci\u00f3 que toda obra p\u00fablica es importante para el beneficio del ciudadano, el diputado destac\u00f3 que este n\u00famero representa una peque\u00f1a fracci\u00f3n de la red estatal de 25,000 kil\u00f3metros, atendiendo solo 2,191 kil\u00f3metros rehabilitados o construidos en el sexenio.<\/p>\n\n\n\n<p>El diputado hizo hincapi\u00e9 en la necesidad de elaborar un plan de inversi\u00f3n en Obra P\u00fablica, con visi\u00f3n a largo plazo, es decir, que solucionen los problemas actuales y que logre potenciar el desarrollo del estado en los pr\u00f3ximos 20 o 30 a\u00f1os. Finalmente, expres\u00f3 su voto de confianza al nuevo gobierno para que se implementen obras con una visi\u00f3n a largo plazo.<\/p>\n","protected":false},"excerpt":{"rendered":"<p>Xalapa, Ver.- El diputado local Adri\u00e1n \u00c1vila Estrada cuestion\u00f3 la gesti\u00f3n de la Secretar\u00eda de Infraestructura y Obras P\u00fablicas del gobierno estatal, encabezada por Elio Hern\u00e1ndez Guti\u00e9rrez, se\u00f1alando que en los \u00faltimos seis a\u00f1os solo pudieron atender el 8.7% de la red carretera y de caminos del estado. \u00c1vila Estrada, diputado de Veracruz por Movimiento [&hellip;]<\/p>\n","protected":false},"author":2476,"featured_media":61160,"comment_status":"open","ping_status":"open","sticky":false,"template":"","format":"standard","meta":{"_jetpack_memberships_contains_paid_content":false,"footnotes":""},"categories":[2],"tags":[],"class_list":["post-61159","post","type-post","status-publish","format-standard","has-post-thumbnail","hentry","category-estado"],"jetpack_featured_media_url":"https:\/\/encuentroinformativo.com.mx\/wp-content\/uploads\/2024\/11\/IMG-20241125-WA0177.jpg","jetpack_sharing_enabled":true,"jetpack_likes_enabled":true,"amp_enabled":true,"_links":{"self":[{"href":"https:\/\/encuentroinformativo.com.mx\/index.php?rest_route=\/wp\/v2\/posts\/61159","targetHints":{"allow":["GET"]}}],"collection":[{"href":"https:\/\/encuentroinformativo.com.mx\/index.php?rest_route=\/wp\/v2\/posts"}],"about":[{"href":"https:\/\/encuentroinformativo.com.mx\/index.php?rest_route=\/wp\/v2\/types\/post"}],"author":[{"embeddable":true,"href":"https:\/\/encuentroinformativo.com.mx\/index.php?rest_route=\/wp\/v2\/users\/2476"}],"replies":[{"embeddable":true,"href":"https:\/\/encuentroinformativo.com.mx\/index.php?rest_route=%2Fwp%2Fv2%2Fcomments&post=61159"}],"version-history":[{"count":1,"href":"https:\/\/encuentroinformativo.com.mx\/index.php?rest_route=\/wp\/v2\/posts\/61159\/revisions"}],"predecessor-version":[{"id":61161,"href":"https:\/\/encuentroinformativo.com.mx\/index.php?rest_route=\/wp\/v2\/posts\/61159\/revisions\/61161"}],"wp:featuredmedia":[{"embeddable":true,"href":"https:\/\/encuentroinformativo.com.mx\/index.php?rest_route=\/wp\/v2\/media\/61160"}],"wp:attachment":[{"href":"https:\/\/encuentroinformativo.com.mx\/index.php?rest_route=%2Fwp%2Fv2%2Fmedia&parent=61159"}],"wp:term":[{"taxonomy":"category","embeddable":true,"href":"https:\/\/encuentroinformativo.com.mx\/index.php?rest_route=%2Fwp%2Fv2%2Fcategories&post=61159"},{"taxonomy":"post_tag","embeddable":true,"href":"https:\/\/encuentroinformativo.com.mx\/index.php?rest_route=%2Fwp%2Fv2%2Ftags&post=61159"}],"curies":[{"name":"wp","href":"https:\/\/api.w.org\/{rel}","templated":true}]}}