{"id":61169,"date":"2024-11-26T09:11:05","date_gmt":"2024-11-26T15:11:05","guid":{"rendered":"https:\/\/encuentroinformativo.com.mx\/?p=61169"},"modified":"2024-11-26T09:11:09","modified_gmt":"2024-11-26T15:11:09","slug":"se-consolida-veracruz-como-destino-turistico-internacional","status":"publish","type":"post","link":"https:\/\/encuentroinformativo.com.mx\/?p=61169","title":{"rendered":"Se consolida Veracruz como destino tur\u00edstico internacional"},"content":{"rendered":"\n<p><strong>* Derrama econ\u00f3mica de 27 mil mdp y m\u00e1s de 12 millones de visitantes este a\u00f1o, expone ante la Comisi\u00f3n respectiva el titular de la Sectur.<\/strong><\/p>\n\n\n\n<p>Xalapa, Ver.- Conforme al calendario de comparecencias aprobado por el Pleno de esta LXVII Legislatura, esta tarde, el y las integrantes de la Comisi\u00f3n Permanente de Turismo de este Congreso se reunieron para llevar a cabo la comparecencia del titular de la secretar\u00eda estatal del ramo, con motivo de la Glosa del Sexto Informe de Gobierno.<\/p>\n\n\n\n<p>En el auditorio Sebasti\u00e1n Lerdo de Tejada del Palacio Legislativo, el diputado Igor Fidel Roj\u00ed L\u00f3pez y las diputadas Imelda Garrido Alvarado y Miriam Garc\u00eda Guzm\u00e1n, presidente, secretaria y vocal de dicha instancia dictaminadora, recibieron al secretario de Turismo, Iv\u00e1n Francisco Mart\u00ednez Olvera, y coordinaron las dos sesiones de preguntas en las que participaron las y los legisladores.<\/p>\n\n\n\n<p>Ante esta representaci\u00f3n popular, el funcionario inici\u00f3 destacando la derrama econ\u00f3mica que rebas\u00f3 los 27 mil millones de pesos (mdp) registrada este a\u00f1o en la entidad, que a su vez recibi\u00f3 a m\u00e1s de 12 millones de turistas, lo cual, de acuerdo con la Encuesta Nacional de Ocupaci\u00f3n y Empleo del Instituto Nacional de Estad\u00edstica y Geograf\u00eda (Inegi), gener\u00f3 arriba de 266 mil empleos.<\/p>\n\n\n\n<p>Otro logro de la actividad tur\u00edstica en Veracruz que destac\u00f3 el secretario es la imposici\u00f3n de dos r\u00e9cords: El de valoraci\u00f3n de estancia por turistas-noche, con m\u00e1s de nueve millones de personas, y el de asistencia en todos los eventos masivos organizados por esta dependencia como la Cumbre Taj\u00edn, el Salsa Fest y el Festival de Cempoala.<\/p>\n\n\n\n<p>El titular de la Sectur enfatiz\u00f3 el fortalecimiento de la conectividad a\u00e9rea con m\u00e1s de 700 vuelos comerciales al mes, con una afluencia de pasajeros en el aeropuerto de Veracruz de enero-octubre superior al mill\u00f3n 400 mil personas.<\/p>\n\n\n\n<p>Inform\u00f3 tambi\u00e9n que los municipios de Zozocolco, Coatepec, Xico, Papantla, Coscomatepec, Naolinco, Orizaba y C\u00f3rdoba se promocionaron en 57 importantes eventos como el Tianguis Internacional de Pueblos M\u00e1gicos en San Antonio, Texas. A esto sum\u00f3 el programa Rutas M\u00e1gicas de Color que consisti\u00f3 en el mejoramiento y embellecimiento de m\u00e1s de 25 mil 750 metros cuadrados de fachadas de estos lugares.<\/p>\n\n\n\n<p>En este rubro, sum\u00f3 el servidor p\u00fablico, Veracruz fue sede del Tianguis Nacional en el que participaron 177 pueblos m\u00e1gicos, 34 barrios m\u00e1gicos, cuatro mil 128 expositores, 215 compradores, 65 mil 100 asistentes y casi 15 mil citas de negocios, con una ocupaci\u00f3n hotelera en la zona Veracruz\u2013Boca del R\u00edo de casi 10 mil cuartos-noche y m\u00e1s de 120 mdp en derrama econ\u00f3mica.<\/p>\n\n\n\n<p>Iv\u00e1n Mart\u00ednez Olvera mencion\u00f3 tambi\u00e9n a la Comisi\u00f3n de Filmaciones, que recibi\u00f3 el Reconocimiento Ojo de \u00c1guila como la mejor del pa\u00eds y brind\u00f3 toda la atenci\u00f3n a 32 casas productoras, que llevaron a cabo 52 producciones audiovisuales, lo cual deriv\u00f3 en una derrama econ\u00f3mica superior a los 35 mdp.<\/p>\n\n\n\n<p>En los llamados eventos ancla y de los productos tur\u00edsticos, en este a\u00f1o, Veracruz obtuvo la Denominaci\u00f3n de Origen Caf\u00e9 y Vainilla: El Origen Ancestral en Veracruz, a la Quinta Serenidad en Misantla; Objetivo Sostenible, a Orizaba Pueblo M\u00e1gico; Patrimonio de la Humanidad, a la zona arqueol\u00f3gica de El Taj\u00edn en Papantla y el Premio Mex Best, a la mejor oferta tur\u00edstica del pa\u00eds.<\/p>\n\n\n\n<p>Dentro de las estrategias de colaboraci\u00f3n refiri\u00f3 la realizada con el Fondo Nacional para el Fomento de las Artesan\u00edas, que benefici\u00f3 de manera directa a 500 personas artesanas.<\/p>\n\n\n\n<p>Respecto a las acciones de capacitaci\u00f3n y certificaci\u00f3n, el secretario de Turismo de la entidad record\u00f3 la impartici\u00f3n de cursos para impulsar los programas de calidad y la obtenci\u00f3n de 21 distintivos nacionales de Calidad Tur\u00edstica y el primer lugar nacional en el sello Turismo Incluyente.<\/p>\n\n\n\n<p>Por \u00faltimo, agreg\u00f3 la participaci\u00f3n de Veracruz en la Feria Internacional de Turismo y el Road Show de Veracruz, en Texas y Chicago que, por concepto de prestaci\u00f3n de servicios de hospedaje, se obtuvo casi 130 mdp que a su vez fueron destinados a 48 proyectos.<\/p>\n\n\n\n<p>Participaci\u00f3n de diputadas y diputados<\/p>\n\n\n\n<p>La Comisi\u00f3n Permanente de Turismo cedi\u00f3 el uso de la voz a la diputada Janix Liliana Castro Mu\u00f1oz (PT) y a los diputados Antonio Ballesteros Grayeb (Morena) e Igor Fidel Roj\u00ed L\u00f3pez (PVEM), quienes formularon sus preguntas al secretario sobre las estrategias para fortalecer a los ocho pueblos m\u00e1gicos con que cuenta la entidad y las acciones de promoci\u00f3n del Barrio de Xallitic; cu\u00e1nto cost\u00f3 al gobierno el Tianguis de Pueblos M\u00e1gicos y qu\u00e9 beneficios trajo a Veracruz; motivo para apoyar eventos organizados por la iniciativa privada y que tuvieron un p\u00fablico selecto y acciones que hizo la dependencia para mitigar el impacto negativo que se registr\u00f3 por las lluvias y el mal estado de las carreteras.<\/p>\n\n\n\n<p>En su turno, por motivos de salud, la diputada Luz Alicia Delf\u00edn Rodr\u00edguez (PAN) entreg\u00f3 sus cuestionamientos de manera escrita, por lo que el funcionario se comprometi\u00f3 a remitir sus respuestas por la misma v\u00eda en un plazo m\u00e1ximo de 48 horas, en apego al Art\u00edculo 154 del Reglamento para el Gobierno Interior del Poder Legislativo.<\/p>\n\n\n\n<p>Posteriormente, la diputada Mar\u00eda Elena C\u00f3rdova Molina (MC) solicit\u00f3 informaci\u00f3n respecto a la atenci\u00f3n de la problem\u00e1tica del cableado a\u00e9reo en el primer cuadro de la ciudad y Pueblo M\u00e1gico de Coatepec; tambi\u00e9n sobre la existencia de alg\u00fan \u00e1rea dentro de la secretar\u00eda para apoyar la infraestructura tur\u00edstica da\u00f1ada de pueblos m\u00e1gicos -caso el Mirador de Naolinco-, monto invertido en el Salsa Fest, destino del presupuesto proyectado para el Costa Esmeralda Fest suspendido por mal tiempo, ahorro por concepto de renta de la oficina y a qu\u00e9 se ha destinado.<\/p>\n\n\n\n<p>En la ronda general participaron las diputadas Elizabeth Morales Garc\u00eda (PT) y Miriam Garc\u00eda Guzm\u00e1n (Morena) y el diputado H\u00e9ctor Yunes Landa (PRI), quienes abordaron temas relacionados con el total de ingresos por arrendamiento del World Trade Center (WTC) en el sexenio y en qu\u00e9 se han ocupado esos recursos; el costo de un libro de recetas de la gastronom\u00eda veracruzana, desmentido de notas period\u00edsticas y si una propiedad ubicada en el municipio de Emiliano Zapata est\u00e1 en la declaraci\u00f3n patrimonial del secretario.<\/p>\n\n\n\n<p>Tambi\u00e9n, si las instalaciones de los Juegos Centroamericanos y del Caribe son ocupadas para turismo deportivo y qu\u00e9 derrama econ\u00f3mica ha generado, estrategias que se realizan en el Parque Tem\u00e1tico Takilhsukut que abonan a dinamizar la econom\u00eda de la regi\u00f3n y de qu\u00e9 manera puede impulsarse la Cumbre Taj\u00edn como una festividad pluricultural y que genere recursos para la regi\u00f3n de Papantla y Veracruz, as\u00ed como el funcionamiento de los para\u00edsos ind\u00edgenas y de qu\u00e9 forma se apoya a los artesanos de la entidad.<\/p>\n\n\n\n<p>Por su parte, el diputado Adri\u00e1n Sigfrido \u00c1vila Estrada (MC) y las diputadas Daniela Flores Barnils (Morena) y Tania Mar\u00eda Cruz Mej\u00eda (PVEM) solicitaron el desglose del monto gastado en el Salsa Fest en 2022, 2023 y 2024, que incluya la inversi\u00f3n en el elenco art\u00edstico, transporte, hospedaje, alimentos, gastos de operaci\u00f3n y la empresa que suministr\u00f3 los servicios.<\/p>\n\n\n\n<p>Adem\u00e1s, sobre la capacitaci\u00f3n impartida a operadores o prestadores de servicios tur\u00edsticos en cadenas de valor, requisitos a cubrir para ser considerado centro ecotur\u00edstico, beneficios tras el dise\u00f1o de la Gu\u00eda F\u00edlmica de Veracruz, su promoci\u00f3n nacional o internacional con casas productoras, idiomas en los que se han traducido y la existencia de alg\u00fan proyecto que apoye a los municipios con vocaci\u00f3n tur\u00edstica.<\/p>\n\n\n\n<p>Una vez satisfechas las dos rondas de preguntas, la comparecencia del secretario de Turismo, que inici\u00f3 a las 17:09 horas, el presidente de la Comisi\u00f3n la declar\u00f3 concluida a las 20:02 horas.<\/p>\n\n\n\n<h1 class=\"wp-block-heading\"><\/h1>\n","protected":false},"excerpt":{"rendered":"<p>* Derrama econ\u00f3mica de 27 mil mdp y m\u00e1s de 12 millones de visitantes este a\u00f1o, expone ante la Comisi\u00f3n respectiva el titular de la Sectur. Xalapa, Ver.- Conforme al calendario de comparecencias aprobado por el Pleno de esta LXVII Legislatura, esta tarde, el y las integrantes de la Comisi\u00f3n Permanente de Turismo de este [&hellip;]<\/p>\n","protected":false},"author":2476,"featured_media":61170,"comment_status":"open","ping_status":"open","sticky":false,"template":"","format":"standard","meta":{"_jetpack_memberships_contains_paid_content":false,"footnotes":""},"categories":[2],"tags":[],"class_list":["post-61169","post","type-post","status-publish","format-standard","has-post-thumbnail","hentry","category-estado"],"jetpack_featured_media_url":"https:\/\/encuentroinformativo.com.mx\/wp-content\/uploads\/2024\/11\/IMG-20241125-WA0193.jpg","jetpack_sharing_enabled":true,"jetpack_likes_enabled":true,"amp_enabled":true,"_links":{"self":[{"href":"https:\/\/encuentroinformativo.com.mx\/index.php?rest_route=\/wp\/v2\/posts\/61169","targetHints":{"allow":["GET"]}}],"collection":[{"href":"https:\/\/encuentroinformativo.com.mx\/index.php?rest_route=\/wp\/v2\/posts"}],"about":[{"href":"https:\/\/encuentroinformativo.com.mx\/index.php?rest_route=\/wp\/v2\/types\/post"}],"author":[{"embeddable":true,"href":"https:\/\/encuentroinformativo.com.mx\/index.php?rest_route=\/wp\/v2\/users\/2476"}],"replies":[{"embeddable":true,"href":"https:\/\/encuentroinformativo.com.mx\/index.php?rest_route=%2Fwp%2Fv2%2Fcomments&post=61169"}],"version-history":[{"count":1,"href":"https:\/\/encuentroinformativo.com.mx\/index.php?rest_route=\/wp\/v2\/posts\/61169\/revisions"}],"predecessor-version":[{"id":61171,"href":"https:\/\/encuentroinformativo.com.mx\/index.php?rest_route=\/wp\/v2\/posts\/61169\/revisions\/61171"}],"wp:featuredmedia":[{"embeddable":true,"href":"https:\/\/encuentroinformativo.com.mx\/index.php?rest_route=\/wp\/v2\/media\/61170"}],"wp:attachment":[{"href":"https:\/\/encuentroinformativo.com.mx\/index.php?rest_route=%2Fwp%2Fv2%2Fmedia&parent=61169"}],"wp:term":[{"taxonomy":"category","embeddable":true,"href":"https:\/\/encuentroinformativo.com.mx\/index.php?rest_route=%2Fwp%2Fv2%2Fcategories&post=61169"},{"taxonomy":"post_tag","embeddable":true,"href":"https:\/\/encuentroinformativo.com.mx\/index.php?rest_route=%2Fwp%2Fv2%2Ftags&post=61169"}],"curies":[{"name":"wp","href":"https:\/\/api.w.org\/{rel}","templated":true}]}}