{"id":6117,"date":"2020-09-24T10:29:10","date_gmt":"2020-09-24T15:29:10","guid":{"rendered":"https:\/\/encuentroinformativo.com.mx\/?p=6117"},"modified":"2020-09-24T10:29:13","modified_gmt":"2020-09-24T15:29:13","slug":"siguen-a-la-alza-casos-de-covid","status":"publish","type":"post","link":"https:\/\/encuentroinformativo.com.mx\/?p=6117","title":{"rendered":"Siguen a la alza casos de Covid"},"content":{"rendered":"\n<p><strong>Juan Arcos <\/strong><\/p>\n\n\n\n<p>Xalapa, Ver.- En las \u00faltimas 24 horas se contabilizaron 88 nuevos casos positivos y 25 defunciones por SARS-COV-2 (COVID-19) en el estado de Veracruz.<\/p>\n\n\n\n<p>La Secretar\u00eda de Salud del gobierno estatal report\u00f3 que la cifra de contagios subi\u00f3 a 32 mil 264 en 204 municipios de la entidad.<\/p>\n\n\n\n<p>Adem\u00e1s, se contabilizaron, hasta la noche de este mi\u00e9rcoles, 4 mil 210 fallecimientos en 162 demarcaciones.<\/p>\n\n\n\n<p>Los municipios con m\u00e1s casos son: Veracruz con 7 mil 314 positivos, 928 defunciones y 573 sospechosos; Xalapa con 2 mil 115 positivos, 267 fallecimientos y 206 en investigaci\u00f3n; Coatzacoalcos con mil 954 positivos, 420 defunciones y 74 sospechosos.<\/p>\n\n\n\n<p>Le siguen C\u00f3rdoba con mil 815 positivos, 177 fallecimientos y 133 casos en investigaci\u00f3n; Orizaba con mil 796 contagios, 85 defunciones y 147 sospechosos; y Poza Rica de Hidalgo con mil 588 positivos, 210 fallecimientos y 113 casos en investigaci\u00f3n.<\/p>\n\n\n\n<p>En la entidad han sido estudiadas 51 mil 955 personas, de las cuales, 17 mil 103 resultaron negativo a la prueba de coronavirus.<\/p>\n\n\n\n<p>El secretario de Salud, Roberto Ramos Alor, indic\u00f3 que se lleva a cabo una campa\u00f1a para ayudar a las micro y peque\u00f1as empresas a que cumplan con los requisitos del programa para la obtenci\u00f3n del c\u00f3digo QR y as\u00ed puedan reabrir sus puertas, garantizando las medidas de protecci\u00f3n.<\/p>\n\n\n\n<p>Indic\u00f3 que se trata de apoyar tambi\u00e9n a los municipios con baja participaci\u00f3n comercial.<\/p>\n\n\n\n<p>Adem\u00e1s, mencion\u00f3 que gran parte de las grandes y medianas empresas est\u00e1n participando de manera positiva en la obtenci\u00f3n del c\u00f3digo QR, mismo que corresponde al documento que se expide a trav\u00e9s de la autoridad sanitaria, para dar certeza de que un establecimiento cumple con todos los protocolos.<\/p>\n\n\n\n<p>\u201cPara la vuelta a la normalidad, pero siempre apegados a los lineamientos sanitarios para lograr que sea un regreso seguro en todos los rubros\u201d.<\/p>\n\n\n\n<p><strong>NOVENO LUGAR CON M\u00c1S DENGUE\u00a0<\/strong><\/p>\n\n\n\n<p>Por su parte, la subdirectora de Prevenci\u00f3n y Control de Enfermedades de la Secretar\u00eda de Salud, Guadalupe D\u00edaz del Castillo, refiri\u00f3 que Veracruz se encuentra en el noveno lugar nacional con m\u00e1s casos de dengue.<\/p>\n\n\n\n<p>Se ubica por debajo de los estados de San Luis Potos\u00ed, Jalisco, Nayarit, Michoac\u00e1n, Tamaulipas, Morelos, Tabasco y Colima.<\/p>\n\n\n\n<p>A\u00f1adi\u00f3 que el gobierno estatal ha garantizado el control de la enfermedad, a trav\u00e9s de la promoci\u00f3n de la salud y la compra de insumos, como productos larvicidas para controlar las etapas inmaduras del vector, y adulticidas (residuales y ambientales).<\/p>\n\n\n\n<p>\u201cHasta el momento el dengue en el estado se encuentra con una menor cantidad de casos con relaci\u00f3n al a\u00f1o anterior\u201d.<\/p>\n\n\n\n<p>La funcionaria estatal invit\u00f3 a la poblaci\u00f3n a sumarse a la estrategia \u201clava, tapa, voltea y tira\u201d, para prevenir la propagaci\u00f3n de la enfermedad transmitida por moscos.<\/p>\n","protected":false},"excerpt":{"rendered":"<p>Juan Arcos Xalapa, Ver.- En las \u00faltimas 24 horas se contabilizaron 88 nuevos casos positivos y 25 defunciones por SARS-COV-2 (COVID-19) en el estado de Veracruz. La Secretar\u00eda de Salud del gobierno estatal report\u00f3 que la cifra de contagios subi\u00f3 a 32 mil 264 en 204 municipios de la entidad. Adem\u00e1s, se contabilizaron, hasta la [&hellip;]<\/p>\n","protected":false},"author":1,"featured_media":1661,"comment_status":"open","ping_status":"open","sticky":false,"template":"","format":"aside","meta":{"_jetpack_memberships_contains_paid_content":false,"footnotes":""},"categories":[9],"tags":[],"class_list":["post-6117","post","type-post","status-publish","format-aside","has-post-thumbnail","hentry","category-salud","post_format-post-format-aside"],"jetpack_featured_media_url":"https:\/\/encuentroinformativo.com.mx\/wp-content\/uploads\/2020\/04\/2CF200D1-2BD2-4654-B535-63F14A11CBCA.jpeg","jetpack_sharing_enabled":true,"jetpack_likes_enabled":true,"amp_enabled":true,"_links":{"self":[{"href":"https:\/\/encuentroinformativo.com.mx\/index.php?rest_route=\/wp\/v2\/posts\/6117","targetHints":{"allow":["GET"]}}],"collection":[{"href":"https:\/\/encuentroinformativo.com.mx\/index.php?rest_route=\/wp\/v2\/posts"}],"about":[{"href":"https:\/\/encuentroinformativo.com.mx\/index.php?rest_route=\/wp\/v2\/types\/post"}],"author":[{"embeddable":true,"href":"https:\/\/encuentroinformativo.com.mx\/index.php?rest_route=\/wp\/v2\/users\/1"}],"replies":[{"embeddable":true,"href":"https:\/\/encuentroinformativo.com.mx\/index.php?rest_route=%2Fwp%2Fv2%2Fcomments&post=6117"}],"version-history":[{"count":1,"href":"https:\/\/encuentroinformativo.com.mx\/index.php?rest_route=\/wp\/v2\/posts\/6117\/revisions"}],"predecessor-version":[{"id":6118,"href":"https:\/\/encuentroinformativo.com.mx\/index.php?rest_route=\/wp\/v2\/posts\/6117\/revisions\/6118"}],"wp:featuredmedia":[{"embeddable":true,"href":"https:\/\/encuentroinformativo.com.mx\/index.php?rest_route=\/wp\/v2\/media\/1661"}],"wp:attachment":[{"href":"https:\/\/encuentroinformativo.com.mx\/index.php?rest_route=%2Fwp%2Fv2%2Fmedia&parent=6117"}],"wp:term":[{"taxonomy":"category","embeddable":true,"href":"https:\/\/encuentroinformativo.com.mx\/index.php?rest_route=%2Fwp%2Fv2%2Fcategories&post=6117"},{"taxonomy":"post_tag","embeddable":true,"href":"https:\/\/encuentroinformativo.com.mx\/index.php?rest_route=%2Fwp%2Fv2%2Ftags&post=6117"}],"curies":[{"name":"wp","href":"https:\/\/api.w.org\/{rel}","templated":true}]}}