{"id":6119,"date":"2020-09-24T10:42:05","date_gmt":"2020-09-24T15:42:05","guid":{"rendered":"https:\/\/encuentroinformativo.com.mx\/?p=6119"},"modified":"2020-09-24T10:42:08","modified_gmt":"2020-09-24T15:42:08","slug":"ahued-2024","status":"publish","type":"post","link":"https:\/\/encuentroinformativo.com.mx\/?p=6119","title":{"rendered":"Ahued 2024"},"content":{"rendered":"\n<p><strong>Los Pol\u00edticos<\/strong><\/p>\n\n\n\n<p><strong>Salvador Mu\u00f1oz<\/strong><\/p>\n\n\n\n<p>Hace ya m\u00e1s de dos a\u00f1os, un grupo de vecinos se acerc\u00f3 a pedirle que fuera el puente con el alcalde para arreglar una cuadra de la calle Tulipanes, en Jardines de Xalapa, a un costado del parque, pues cuando llov\u00eda, se hac\u00eda una enorme laguna que se volv\u00eda una trampa para los carros porque dicha r\u00faa estaba tambi\u00e9n atascada de baches. Por supuesto, el mensaje nunca lleg\u00f3 al edil porque el empresario asumi\u00f3 el compromiso de componer la calle. Al d\u00eda siguiente, lleg\u00f3 un ingeniero, conoci\u00f3 el terreno, chec\u00f3 medidas, hizo trazos, entendi\u00f3 el problema\u2026 dos d\u00edas despu\u00e9s, maquinaria pesada entraba para iniciar los trabajos\u2026 creo que si se tard\u00f3 un mes para que la calle estuviera lista, es mucho. Las anegaciones desaparecieron as\u00ed haya fuertes torrentes; ni un solo bache se ha hecho en este tramo de calle, y el agradecimiento de los pocos vecinos que se enteraron de la acci\u00f3n de Ricardo Ahued Bardahuil para con Jardines de Xalapa.<\/p>\n\n\n\n<p>Una ocasi\u00f3n, creo que siendo diputado local, platicaba con \u00e9l y me percat\u00e9 que ten\u00eda en uno de sus dedos, una mancha negra en la u\u00f1a, se\u00f1al inequ\u00edvoca de que hab\u00eda sufrido un machuc\u00f3n\u2026 imagin\u00e9 que se hab\u00eda agarrado la mano con la puerta del carro pero no me qued\u00e9 con la duda, y le pregunt\u00e9\u2026 se \u201cagarr\u00f3\u201d el dedo al estar bajando cajas de mercanc\u00eda que hab\u00edan llegado a las bodegas de su tienda. Me explic\u00f3 que para llevar un negocio se debe saber c\u00f3mo se hace cada cosa, s\u00ed, incluso, hasta estibar cajas aunque el costo a veces tenga que ser un machuc\u00f3n. Aunque eso de ser parte activa en la empresa no es nuevo\u2026 \u00bfcu\u00e1ntos xalape\u00f1os no se encontraron a Ahued, como cualquier empleado m\u00e1s trabajando, cuando fueron a hacer las compras en alguno de sus negocios?<\/p>\n\n\n\n<p>Quiz\u00e1s uno de los pol\u00edticos m\u00e1s reservados o de cierto modo, \u201cintrovertido pol\u00edtico\u201d&#8230; no le gusta hablar de lo que hace por la gente, cuando lo habitual es que cada trabajo de gestor\u00eda lo cacaree el resto de los pol\u00edticos. El ejemplo de esto, es esa historia con la que abro la columna pero es seguro que haya m\u00e1s, como la de aquel loco que junto con otros dos m\u00e1s, se propuso a limpiar un parque: Ricardo Ahued puso rastrillos, guantes y botes para apoyar esta cruzada.<\/p>\n\n\n\n<p>Don Ricardo Ahued rompe con los estereotipos del empresario\u2026 no es mam\u00f3n, no es fresa, de esa educaci\u00f3n que es seguro mam\u00f3 en casa con el cl\u00e1sico \u201cPor favor\u201d y \u201cGracias\u201d ya tan en desuso. Un sujeto que en su forma de ser uno pudiera decir \u201c\u00bfQu\u00e9 hace en Morena?\u201d como en su momento hubo quienes se preguntaron \u201c\u00bfQu\u00e9 hace en el PRI?\u201d y si por alguna raz\u00f3n se cambiara de partido, se le cuestionar\u00eda lo mismo porque al final, Ricardo Ahued no encaja con la pol\u00edtica de relumbr\u00f3n pero s\u00ed en la que se sustenta en el servicio p\u00fablico.<\/p>\n\n\n\n<p>Y es curioso, porque hoy, faltando m\u00e1s de cuatro a\u00f1os, un sector importante de la sociedad, ve en Ricardo como una carta interesante para disputar la gubernatura de Veracruz en el 2024\u2026 y con \u00e9l, se apunta otro empresario, del mismo tama\u00f1o que Ahued para contender en el mismo a\u00f1o\u2026 pero de eso, hablaremos luego\u2026 por ahora, una an\u00e9cdota, un momento del hoy Senador cuando fue diputado local por el PRI, cuando alg\u00fan reportero sac\u00f3 el tema de Ricardo Ahued Scala\u2026 palabras m\u00e1s, palabras menos, el empresario dec\u00eda que su hijo era un empecinado lopezobradorista, tan as\u00ed, que confi\u00f3 a los presentes, que se daban buenos debates entre ellos, cada quien defendiendo su ideolog\u00eda\u2026 qui\u00e9n dir\u00eda, al final, el primero en pisar Morena fue \u00e9l\u2026 \u00bfy su hijo? \u00bfPa\u2019 cu\u00e1ndo?<\/p>\n\n\n\n<p><a href=\"mailto:smcainito@gmail.com\" target=\"_blank\" rel=\"noreferrer noopener\">smcainito@gmail.com<\/a><\/p>\n","protected":false},"excerpt":{"rendered":"<p>Los Pol\u00edticos Salvador Mu\u00f1oz Hace ya m\u00e1s de dos a\u00f1os, un grupo de vecinos se acerc\u00f3 a pedirle que fuera el puente con el alcalde para arreglar una cuadra de la calle Tulipanes, en Jardines de Xalapa, a un costado del parque, pues cuando llov\u00eda, se hac\u00eda una enorme laguna que se volv\u00eda una trampa [&hellip;]<\/p>\n","protected":false},"author":1,"featured_media":387,"comment_status":"open","ping_status":"open","sticky":false,"template":"","format":"aside","meta":{"_jetpack_memberships_contains_paid_content":false,"footnotes":""},"categories":[11],"tags":[],"class_list":["post-6119","post","type-post","status-publish","format-aside","has-post-thumbnail","hentry","category-opinion","post_format-post-format-aside"],"jetpack_featured_media_url":"https:\/\/encuentroinformativo.com.mx\/wp-content\/uploads\/2020\/03\/7CF8A22B-2764-47BE-8F7F-38FE9E5D6A2F.jpeg","jetpack_sharing_enabled":true,"jetpack_likes_enabled":true,"amp_enabled":true,"_links":{"self":[{"href":"https:\/\/encuentroinformativo.com.mx\/index.php?rest_route=\/wp\/v2\/posts\/6119","targetHints":{"allow":["GET"]}}],"collection":[{"href":"https:\/\/encuentroinformativo.com.mx\/index.php?rest_route=\/wp\/v2\/posts"}],"about":[{"href":"https:\/\/encuentroinformativo.com.mx\/index.php?rest_route=\/wp\/v2\/types\/post"}],"author":[{"embeddable":true,"href":"https:\/\/encuentroinformativo.com.mx\/index.php?rest_route=\/wp\/v2\/users\/1"}],"replies":[{"embeddable":true,"href":"https:\/\/encuentroinformativo.com.mx\/index.php?rest_route=%2Fwp%2Fv2%2Fcomments&post=6119"}],"version-history":[{"count":1,"href":"https:\/\/encuentroinformativo.com.mx\/index.php?rest_route=\/wp\/v2\/posts\/6119\/revisions"}],"predecessor-version":[{"id":6120,"href":"https:\/\/encuentroinformativo.com.mx\/index.php?rest_route=\/wp\/v2\/posts\/6119\/revisions\/6120"}],"wp:featuredmedia":[{"embeddable":true,"href":"https:\/\/encuentroinformativo.com.mx\/index.php?rest_route=\/wp\/v2\/media\/387"}],"wp:attachment":[{"href":"https:\/\/encuentroinformativo.com.mx\/index.php?rest_route=%2Fwp%2Fv2%2Fmedia&parent=6119"}],"wp:term":[{"taxonomy":"category","embeddable":true,"href":"https:\/\/encuentroinformativo.com.mx\/index.php?rest_route=%2Fwp%2Fv2%2Fcategories&post=6119"},{"taxonomy":"post_tag","embeddable":true,"href":"https:\/\/encuentroinformativo.com.mx\/index.php?rest_route=%2Fwp%2Fv2%2Ftags&post=6119"}],"curies":[{"name":"wp","href":"https:\/\/api.w.org\/{rel}","templated":true}]}}