{"id":61205,"date":"2024-11-27T00:33:05","date_gmt":"2024-11-27T06:33:05","guid":{"rendered":"https:\/\/encuentroinformativo.com.mx\/?p=61205"},"modified":"2024-11-27T00:33:11","modified_gmt":"2024-11-27T06:33:11","slug":"dos-conductores-ebrios-provocan-aparatoso-accidente-en-alvarado","status":"publish","type":"post","link":"https:\/\/encuentroinformativo.com.mx\/?p=61205","title":{"rendered":"Dos conductores ebrios provocan aparatoso accidente en Alvarado"},"content":{"rendered":"\n<p><strong>Alejandro \u00c1vila<\/strong><\/p>\n\n\n\n<p>Alvarado, Ver.- Dos conductores en estado de ebriedad provocaron un aparatoso accidente en la carretera 180 a la altura de la localidad El Bayo en el municipio de Alvarado.<\/p>\n\n\n\n<p>Los hechos ocurrieron alrededor de las 8:30 de la noche, cuando el conductor de una camioneta negra placas XN3468A colision\u00f3 de frente con otra camioneta color blanca con placas XD4705A; ambas unidades sufrieron severos da\u00f1os en la parte delantera de sus veh\u00edculos y quedaron a mitad de carretera obstruyendo la vialidad.<\/p>\n\n\n\n<p>Al sitio llegaron elementos motorizados de la Guardia Nacional divisi\u00f3n Caminos quienes reportaron que no hubo lesionados de gravedad, por lo cual se evit\u00f3 la llegada de los elementos de Protecci\u00f3n Civil del municipio de Alvarado o de Medell\u00edn de Bravo; sin embargo, los elementos del orden p\u00fablico tomaron conocimiento de los hechos y ambos conductores fueron detenidos por el estado inconveniente en el que se encontraban y para deslindar responsabilidades de los hechos.<\/p>\n\n\n\n<figure class=\"wp-block-image size-large\"><img loading=\"lazy\" decoding=\"async\" width=\"1024\" height=\"634\" src=\"https:\/\/encuentroinformativo.com.mx\/wp-content\/uploads\/2024\/11\/1000431612-1024x634.jpg\" alt=\"\" class=\"wp-image-61207\" srcset=\"https:\/\/encuentroinformativo.com.mx\/wp-content\/uploads\/2024\/11\/1000431612-1024x634.jpg 1024w, https:\/\/encuentroinformativo.com.mx\/wp-content\/uploads\/2024\/11\/1000431612-300x186.jpg 300w, https:\/\/encuentroinformativo.com.mx\/wp-content\/uploads\/2024\/11\/1000431612-768x476.jpg 768w, https:\/\/encuentroinformativo.com.mx\/wp-content\/uploads\/2024\/11\/1000431612.jpg 1038w\" sizes=\"auto, (max-width: 1024px) 100vw, 1024px\" \/><\/figure>\n","protected":false},"excerpt":{"rendered":"<p>Alejandro \u00c1vila Alvarado, Ver.- Dos conductores en estado de ebriedad provocaron un aparatoso accidente en la carretera 180 a la altura de la localidad El Bayo en el municipio de Alvarado. Los hechos ocurrieron alrededor de las 8:30 de la noche, cuando el conductor de una camioneta negra placas XN3468A colision\u00f3 de frente con otra [&hellip;]<\/p>\n","protected":false},"author":2476,"featured_media":61206,"comment_status":"open","ping_status":"open","sticky":false,"template":"","format":"standard","meta":{"_jetpack_memberships_contains_paid_content":false,"footnotes":""},"categories":[2],"tags":[],"class_list":["post-61205","post","type-post","status-publish","format-standard","has-post-thumbnail","hentry","category-estado"],"jetpack_featured_media_url":"https:\/\/encuentroinformativo.com.mx\/wp-content\/uploads\/2024\/11\/IMG-20241126-WA01702.jpg","jetpack_sharing_enabled":true,"jetpack_likes_enabled":true,"amp_enabled":true,"_links":{"self":[{"href":"https:\/\/encuentroinformativo.com.mx\/index.php?rest_route=\/wp\/v2\/posts\/61205","targetHints":{"allow":["GET"]}}],"collection":[{"href":"https:\/\/encuentroinformativo.com.mx\/index.php?rest_route=\/wp\/v2\/posts"}],"about":[{"href":"https:\/\/encuentroinformativo.com.mx\/index.php?rest_route=\/wp\/v2\/types\/post"}],"author":[{"embeddable":true,"href":"https:\/\/encuentroinformativo.com.mx\/index.php?rest_route=\/wp\/v2\/users\/2476"}],"replies":[{"embeddable":true,"href":"https:\/\/encuentroinformativo.com.mx\/index.php?rest_route=%2Fwp%2Fv2%2Fcomments&post=61205"}],"version-history":[{"count":1,"href":"https:\/\/encuentroinformativo.com.mx\/index.php?rest_route=\/wp\/v2\/posts\/61205\/revisions"}],"predecessor-version":[{"id":61208,"href":"https:\/\/encuentroinformativo.com.mx\/index.php?rest_route=\/wp\/v2\/posts\/61205\/revisions\/61208"}],"wp:featuredmedia":[{"embeddable":true,"href":"https:\/\/encuentroinformativo.com.mx\/index.php?rest_route=\/wp\/v2\/media\/61206"}],"wp:attachment":[{"href":"https:\/\/encuentroinformativo.com.mx\/index.php?rest_route=%2Fwp%2Fv2%2Fmedia&parent=61205"}],"wp:term":[{"taxonomy":"category","embeddable":true,"href":"https:\/\/encuentroinformativo.com.mx\/index.php?rest_route=%2Fwp%2Fv2%2Fcategories&post=61205"},{"taxonomy":"post_tag","embeddable":true,"href":"https:\/\/encuentroinformativo.com.mx\/index.php?rest_route=%2Fwp%2Fv2%2Ftags&post=61205"}],"curies":[{"name":"wp","href":"https:\/\/api.w.org\/{rel}","templated":true}]}}