{"id":61211,"date":"2024-11-27T12:33:35","date_gmt":"2024-11-27T18:33:35","guid":{"rendered":"https:\/\/encuentroinformativo.com.mx\/?p=61211"},"modified":"2024-11-27T12:33:39","modified_gmt":"2024-11-27T18:33:39","slug":"redireccionaria-congreso-recursos-de-organos-autonomos-para-la-uv-esteban-bautista","status":"publish","type":"post","link":"https:\/\/encuentroinformativo.com.mx\/?p=61211","title":{"rendered":"Redireccionar\u00eda Congreso recursos de \u00f3rganos aut\u00f3nomos para la UV: Esteban Bautista"},"content":{"rendered":"\n<p><strong>Dar\u00edo Pale <\/strong><\/p>\n\n\n\n<p>Xalapa, Ver.- Redireccionar\u00edan recursos de organismos aut\u00f3nomos para incrementar presupuesto a la UV, se analizar\u00e1 si se da a la Universidad incremento del 4 por ciento del presupuesto total, as\u00ed lo dio a conocer el presidente de la Junta de Coordinaci\u00f3n Pol\u00edtica (Jucopo), Esteban Bautista Hern\u00e1ndez.<\/p>\n\n\n\n<p>En entrevista adelant\u00f3 que del ahorro que se logre por la extinci\u00f3n de algunos organismos aut\u00f3nomos locales como el IVAI, se podr\u00eda incrementar el presupuesto para la Universidad Veracruzana.<\/p>\n\n\n\n<p>Confirm\u00f3 que el rector de la Casa de Estudios, Mart\u00edn Aguilar S\u00e1nchez, solicit\u00f3 que en el presupuesto del 2025 se le incremente el presupuesto a la instituci\u00f3n de educaci\u00f3n superior p\u00fablica.<\/p>\n\n\n\n<p>&#8220;Yo creo que del ahorro que se tenga en esa parte vamos a redireccionar los recursos&#8230; bueno ning\u00fan recurso nos va a alcanzar, porque todo mundo est\u00e1 pidiendo ese tema, pero del rector de la Universidad me parece muy viable, porque hay muchos estudiantes que se han quedado sin tener acceso precisamente porque no tenemos el presupuesto para contratar m\u00e1s maestros, no tenemos presupuesto para m\u00e1s espacios educativos&#8221;, asever\u00f3.<\/p>\n\n\n\n<p>Coment\u00f3 que tras la presencia del acad\u00e9mico a la Legislatura en d\u00edas pasados, se comprometi\u00f3 a que ser\u00edan aliados de la Casa de Estudios.<\/p>\n\n\n\n<p>Aclar\u00f3 que tendr\u00e1n que analizar si el incremento o el presupuesto que se le otorgue a la UV sea del 4 por ciento del total del presupuesto estatal, ya que lo tienen que revisar, sin embargo, hubo el compromiso de que s\u00ed habr\u00e1 un incremento de presupuesto para la instituci\u00f3n.<\/p>\n\n\n\n<p>Defini\u00f3 que la voluntad de incrementarle a la Universidad s\u00ed la hay, ya que, insisti\u00f3 en que se debe apoyar a los estudiantes porque no todos pueden cursar estudios superiores en una universidad privada.<\/p>\n\n\n\n<p>Bautista Hern\u00e1ndez resalt\u00f3 que si a nivel federal se aprob\u00f3 la desaparici\u00f3n de organismos aut\u00f3nomos como el INAI, en Veracruz no pueden &#8220;resistirse&#8221; a un mandato federal, por lo que expuso que en Veracruz lo que deber\u00e1n hacer es armonizar los nuevos ordenamientos legales.<\/p>\n\n\n\n<p>Cuestionado entonces sobre el destino de los trabajadores de los organismos aut\u00f3nomos que se vayan a desaparecer, respondi\u00f3 que es un asunto que sale de sus manos.<\/p>\n\n\n\n<p>&#8220;Si me preguntaran del Congreso del Estado, si sufri\u00e9ramos un recorte presupuestal significativo depuramos al personal, pero esos \u00f3rganos no est\u00e1n en mis manos, son decisiones que la Gobernadora va a tomar&#8221;, abund\u00f3.<\/p>\n\n\n\n<p>El congresista de Morena consider\u00f3 que seguramente habr\u00e1 un reacomodo de todos esos empleados.<\/p>\n\n\n\n<p>En otro orden de ideas, dijo que todav\u00eda no tienen una fecha para la aprobaci\u00f3n del Presupuesto de Egresos del pr\u00f3ximo a\u00f1o.<\/p>\n\n\n\n<p>Sobre la queja de algunos legisladores porque los secretarios no han enviado la informaci\u00f3n que se comprometieron a dar a los legisladores durante sus comparecencias, defini\u00f3 que les har\u00e1n un exhorto a los funcionarios salientes.<\/p>\n\n\n\n<p>Finalmente coment\u00f3 que, &#8220;algunos (secretarios), yo tengo mi percepci\u00f3n de que han hecho un buen papel&#8230;este recinto es de rendici\u00f3n de cuentas claras de los compa\u00f1eros secretarios, esto no es un jaripeo o pelea de gallos, es de rendici\u00f3n de cuentas claras y en ese rubro hemos platicado con los compa\u00f1eros&#8221;.<\/p>\n","protected":false},"excerpt":{"rendered":"<p>Dar\u00edo Pale Xalapa, Ver.- Redireccionar\u00edan recursos de organismos aut\u00f3nomos para incrementar presupuesto a la UV, se analizar\u00e1 si se da a la Universidad incremento del 4 por ciento del presupuesto total, as\u00ed lo dio a conocer el presidente de la Junta de Coordinaci\u00f3n Pol\u00edtica (Jucopo), Esteban Bautista Hern\u00e1ndez. En entrevista adelant\u00f3 que del ahorro que [&hellip;]<\/p>\n","protected":false},"author":2476,"featured_media":61212,"comment_status":"open","ping_status":"open","sticky":false,"template":"","format":"standard","meta":{"_jetpack_memberships_contains_paid_content":false,"footnotes":""},"categories":[2],"tags":[],"class_list":["post-61211","post","type-post","status-publish","format-standard","has-post-thumbnail","hentry","category-estado"],"jetpack_featured_media_url":"https:\/\/encuentroinformativo.com.mx\/wp-content\/uploads\/2024\/11\/IMG-20241127-WA00092.jpg","jetpack_sharing_enabled":true,"jetpack_likes_enabled":true,"amp_enabled":true,"_links":{"self":[{"href":"https:\/\/encuentroinformativo.com.mx\/index.php?rest_route=\/wp\/v2\/posts\/61211","targetHints":{"allow":["GET"]}}],"collection":[{"href":"https:\/\/encuentroinformativo.com.mx\/index.php?rest_route=\/wp\/v2\/posts"}],"about":[{"href":"https:\/\/encuentroinformativo.com.mx\/index.php?rest_route=\/wp\/v2\/types\/post"}],"author":[{"embeddable":true,"href":"https:\/\/encuentroinformativo.com.mx\/index.php?rest_route=\/wp\/v2\/users\/2476"}],"replies":[{"embeddable":true,"href":"https:\/\/encuentroinformativo.com.mx\/index.php?rest_route=%2Fwp%2Fv2%2Fcomments&post=61211"}],"version-history":[{"count":1,"href":"https:\/\/encuentroinformativo.com.mx\/index.php?rest_route=\/wp\/v2\/posts\/61211\/revisions"}],"predecessor-version":[{"id":61213,"href":"https:\/\/encuentroinformativo.com.mx\/index.php?rest_route=\/wp\/v2\/posts\/61211\/revisions\/61213"}],"wp:featuredmedia":[{"embeddable":true,"href":"https:\/\/encuentroinformativo.com.mx\/index.php?rest_route=\/wp\/v2\/media\/61212"}],"wp:attachment":[{"href":"https:\/\/encuentroinformativo.com.mx\/index.php?rest_route=%2Fwp%2Fv2%2Fmedia&parent=61211"}],"wp:term":[{"taxonomy":"category","embeddable":true,"href":"https:\/\/encuentroinformativo.com.mx\/index.php?rest_route=%2Fwp%2Fv2%2Fcategories&post=61211"},{"taxonomy":"post_tag","embeddable":true,"href":"https:\/\/encuentroinformativo.com.mx\/index.php?rest_route=%2Fwp%2Fv2%2Ftags&post=61211"}],"curies":[{"name":"wp","href":"https:\/\/api.w.org\/{rel}","templated":true}]}}