{"id":61214,"date":"2024-11-27T12:56:30","date_gmt":"2024-11-27T18:56:30","guid":{"rendered":"https:\/\/encuentroinformativo.com.mx\/?p=61214"},"modified":"2024-11-27T12:56:35","modified_gmt":"2024-11-27T18:56:35","slug":"estudiantes-del-tec-de-xalapa-elaboran-pedal-para-personas-de-talla-baja","status":"publish","type":"post","link":"https:\/\/encuentroinformativo.com.mx\/?p=61214","title":{"rendered":"Estudiantes del Tec de Xalapa elaboran pedal para personas de talla baja"},"content":{"rendered":"\n<p><strong>Dar\u00edo Pale <\/strong><\/p>\n\n\n\n<p>Xalapa, Ver.- El Instituto Tecnol\u00f3gico Superior de Xalapa y la Asociaci\u00f3n Civil \u201cGente Peque\u00f1a\u201d, sumaron esfuerzos y construyeron un prototipo de extensi\u00f3n de pedal para que las personas de talla baja puedan conducir autom\u00f3viles.<\/p>\n\n\n\n<p>En conferencia de prensa, el Presidente de la Agrupaci\u00f3n, Jacob Zayas Garc\u00eda, se\u00f1al\u00f3 que este proyecto se hace con el apoyo de maestros del Instituto Tecnol\u00f3gico Superior de Xalapa (ITSX).\u00a0<\/p>\n\n\n\n<p>&#8220;Este prototipo ya lo probamos, no lo traemos por cuestiones de derechos pero es un proyecto que se est\u00e1 realizando en favor de todos&#8221;, se\u00f1al\u00f3.<\/p>\n\n\n\n<p>Y es que dijo que se busca que con ello se cambie la vida de las personas peque\u00f1as o con dificultad para manejar y ser m\u00e1s independientes.\u00a0<\/p>\n\n\n\n<p>Es por ello que trabajan e impulsan \u00e9ste y dem\u00e1s proyectos que le puedan brindar una mejor calidad de vida a las personas de talla baja.<\/p>\n\n\n\n<p>Aunque ello tambi\u00e9n se complica debido a que no hay estad\u00edsticas sobre la poblaci\u00f3n en esta condici\u00f3n, por lo que las instituciones no los toman en cuenta para ser integrados a programas o apoyos.<\/p>\n\n\n\n<p>&#8220;Aqu\u00ed en Xalapa tengo identificadas m\u00e1s de 20 familias que tienen personas peque\u00f1as, pero el tema de la no inclusi\u00f3n no entran en contacto con nosotros&#8221;, lament\u00f3.<\/p>\n\n\n\n<p>Por su parte, Lisseth Rivera Aguirre, maestra del ITSX en la carrera de Ingenier\u00eda Electromec\u00e1nica, asegur\u00f3 que con el proyecto busca facilitar la conducci\u00f3n de veh\u00edculos particulares a personas de talla peque\u00f1a, mejorando la accesibilidad y la seguridad.\u00a0<\/p>\n\n\n\n<p>En este sentido, abund\u00f3 qu\u00e9 el dispositivo es ajustable en longitud y \u00e1ngulo, adapt\u00e1ndose a las necesidades de los usuarios.<\/p>\n\n\n\n<p>Asimismo, dijo que el pedal fue construido con materiales de acero al carb\u00f3n, pero se prev\u00e9 en un futuro usar aluminio para ofrecer un producto m\u00e1s ligero, duradero y reciclable.<\/p>\n\n\n\n<p>Finalmente, se\u00f1al\u00f3 que el proyecto a\u00fan est\u00e1 en investigaci\u00f3n, pero estim\u00f3 que cuando se pueda comercializar se buscar\u00e1 colaborar con instituciones con la finalidad de reducir costos y que sea as\u00ed m\u00e1s accesible para el p\u00fablico en general.<\/p>\n","protected":false},"excerpt":{"rendered":"<p>Dar\u00edo Pale Xalapa, Ver.- El Instituto Tecnol\u00f3gico Superior de Xalapa y la Asociaci\u00f3n Civil \u201cGente Peque\u00f1a\u201d, sumaron esfuerzos y construyeron un prototipo de extensi\u00f3n de pedal para que las personas de talla baja puedan conducir autom\u00f3viles. En conferencia de prensa, el Presidente de la Agrupaci\u00f3n, Jacob Zayas Garc\u00eda, se\u00f1al\u00f3 que este proyecto se hace con [&hellip;]<\/p>\n","protected":false},"author":2476,"featured_media":61215,"comment_status":"open","ping_status":"open","sticky":false,"template":"","format":"standard","meta":{"_jetpack_memberships_contains_paid_content":false,"footnotes":""},"categories":[3],"tags":[],"class_list":["post-61214","post","type-post","status-publish","format-standard","has-post-thumbnail","hentry","category-xalapa"],"jetpack_featured_media_url":"https:\/\/encuentroinformativo.com.mx\/wp-content\/uploads\/2024\/11\/IMG-20241127-WA0019.jpg","jetpack_sharing_enabled":true,"jetpack_likes_enabled":true,"amp_enabled":true,"_links":{"self":[{"href":"https:\/\/encuentroinformativo.com.mx\/index.php?rest_route=\/wp\/v2\/posts\/61214","targetHints":{"allow":["GET"]}}],"collection":[{"href":"https:\/\/encuentroinformativo.com.mx\/index.php?rest_route=\/wp\/v2\/posts"}],"about":[{"href":"https:\/\/encuentroinformativo.com.mx\/index.php?rest_route=\/wp\/v2\/types\/post"}],"author":[{"embeddable":true,"href":"https:\/\/encuentroinformativo.com.mx\/index.php?rest_route=\/wp\/v2\/users\/2476"}],"replies":[{"embeddable":true,"href":"https:\/\/encuentroinformativo.com.mx\/index.php?rest_route=%2Fwp%2Fv2%2Fcomments&post=61214"}],"version-history":[{"count":1,"href":"https:\/\/encuentroinformativo.com.mx\/index.php?rest_route=\/wp\/v2\/posts\/61214\/revisions"}],"predecessor-version":[{"id":61216,"href":"https:\/\/encuentroinformativo.com.mx\/index.php?rest_route=\/wp\/v2\/posts\/61214\/revisions\/61216"}],"wp:featuredmedia":[{"embeddable":true,"href":"https:\/\/encuentroinformativo.com.mx\/index.php?rest_route=\/wp\/v2\/media\/61215"}],"wp:attachment":[{"href":"https:\/\/encuentroinformativo.com.mx\/index.php?rest_route=%2Fwp%2Fv2%2Fmedia&parent=61214"}],"wp:term":[{"taxonomy":"category","embeddable":true,"href":"https:\/\/encuentroinformativo.com.mx\/index.php?rest_route=%2Fwp%2Fv2%2Fcategories&post=61214"},{"taxonomy":"post_tag","embeddable":true,"href":"https:\/\/encuentroinformativo.com.mx\/index.php?rest_route=%2Fwp%2Fv2%2Ftags&post=61214"}],"curies":[{"name":"wp","href":"https:\/\/api.w.org\/{rel}","templated":true}]}}