{"id":61223,"date":"2024-11-27T14:57:32","date_gmt":"2024-11-27T20:57:32","guid":{"rendered":"https:\/\/encuentroinformativo.com.mx\/?p=61223"},"modified":"2024-11-27T14:57:38","modified_gmt":"2024-11-27T20:57:38","slug":"ilusionista-veracruzano-triunfo-en-festival-de-magia-en-cuba","status":"publish","type":"post","link":"https:\/\/encuentroinformativo.com.mx\/?p=61223","title":{"rendered":"Ilusionista veracruzano triunfo en Festival de Magia en Cuba"},"content":{"rendered":"\n<p><strong>Alejandro \u00c1vila<\/strong><\/p>\n\n\n\n<p>Veracruz, Ver.- El ilusionista veracruzano, Erick Morales, dej\u00f3 una grata impresi\u00f3n y triunf\u00f3 en el Festival Internacional de Magia \u00c1nfora realizado en la provincia Las Tunas en el pa\u00eds de Cuba.<\/p>\n\n\n\n<p>Dicho festival tuvo sus inicios en octubre de 1989 en la escuela de magia de la provincia de Las Tunas, y la creaci\u00f3n del evento fue obra de Jos\u00e9 Reynerio Valdivia Valdivia, conocido como &#8220;El Mago Piter&#8221;.<\/p>\n\n\n\n<p>Para este 2024 en su 29 edici\u00f3n se realiz\u00f3 del 20 al 24 de noviembre, donde exponentes de diversos puntos del globo terr\u00e1queo se dieron cita para mostrar sus habilidades.<\/p>\n\n\n\n<p>El experimentado joven veracruzano ya ha ganado primer lugar en &#8220;close up&#8221; y tercer lugar en \u201cescenario\u201d en el Congreso Internacional \u201cConvivencias M\u00e1gicas Celaya\u201d en el 2023.<\/p>\n\n\n\n<p>Este ha sido otro importante paso en su carrera y en su inter\u00e9s de poner a Veracruz muy en alto.<\/p>\n","protected":false},"excerpt":{"rendered":"<p>Alejandro \u00c1vila Veracruz, Ver.- El ilusionista veracruzano, Erick Morales, dej\u00f3 una grata impresi\u00f3n y triunf\u00f3 en el Festival Internacional de Magia \u00c1nfora realizado en la provincia Las Tunas en el pa\u00eds de Cuba. Dicho festival tuvo sus inicios en octubre de 1989 en la escuela de magia de la provincia de Las Tunas, y la [&hellip;]<\/p>\n","protected":false},"author":2476,"featured_media":61224,"comment_status":"open","ping_status":"open","sticky":false,"template":"","format":"standard","meta":{"_jetpack_memberships_contains_paid_content":false,"footnotes":""},"categories":[2],"tags":[],"class_list":["post-61223","post","type-post","status-publish","format-standard","has-post-thumbnail","hentry","category-estado"],"jetpack_featured_media_url":"https:\/\/encuentroinformativo.com.mx\/wp-content\/uploads\/2024\/11\/IMG-20241127-WA0070.jpg","jetpack_sharing_enabled":true,"jetpack_likes_enabled":true,"amp_enabled":true,"_links":{"self":[{"href":"https:\/\/encuentroinformativo.com.mx\/index.php?rest_route=\/wp\/v2\/posts\/61223","targetHints":{"allow":["GET"]}}],"collection":[{"href":"https:\/\/encuentroinformativo.com.mx\/index.php?rest_route=\/wp\/v2\/posts"}],"about":[{"href":"https:\/\/encuentroinformativo.com.mx\/index.php?rest_route=\/wp\/v2\/types\/post"}],"author":[{"embeddable":true,"href":"https:\/\/encuentroinformativo.com.mx\/index.php?rest_route=\/wp\/v2\/users\/2476"}],"replies":[{"embeddable":true,"href":"https:\/\/encuentroinformativo.com.mx\/index.php?rest_route=%2Fwp%2Fv2%2Fcomments&post=61223"}],"version-history":[{"count":1,"href":"https:\/\/encuentroinformativo.com.mx\/index.php?rest_route=\/wp\/v2\/posts\/61223\/revisions"}],"predecessor-version":[{"id":61225,"href":"https:\/\/encuentroinformativo.com.mx\/index.php?rest_route=\/wp\/v2\/posts\/61223\/revisions\/61225"}],"wp:featuredmedia":[{"embeddable":true,"href":"https:\/\/encuentroinformativo.com.mx\/index.php?rest_route=\/wp\/v2\/media\/61224"}],"wp:attachment":[{"href":"https:\/\/encuentroinformativo.com.mx\/index.php?rest_route=%2Fwp%2Fv2%2Fmedia&parent=61223"}],"wp:term":[{"taxonomy":"category","embeddable":true,"href":"https:\/\/encuentroinformativo.com.mx\/index.php?rest_route=%2Fwp%2Fv2%2Fcategories&post=61223"},{"taxonomy":"post_tag","embeddable":true,"href":"https:\/\/encuentroinformativo.com.mx\/index.php?rest_route=%2Fwp%2Fv2%2Ftags&post=61223"}],"curies":[{"name":"wp","href":"https:\/\/api.w.org\/{rel}","templated":true}]}}