{"id":61229,"date":"2024-11-27T15:05:29","date_gmt":"2024-11-27T21:05:29","guid":{"rendered":"https:\/\/encuentroinformativo.com.mx\/?p=61229"},"modified":"2024-11-27T15:05:34","modified_gmt":"2024-11-27T21:05:34","slug":"asaltan-y-golpean-a-regidor-de-poza-rica-en-carretera-mexico-tuxpan","status":"publish","type":"post","link":"https:\/\/encuentroinformativo.com.mx\/?p=61229","title":{"rendered":"Asaltan y golpean a regidor de Poza Rica en carretera M\u00e9xico &#8211; Tuxpan"},"content":{"rendered":"\n<p><strong>Alejandro \u00c1vila<\/strong><\/p>\n\n\n\n<p>Poza Rica, Ver.- La ma\u00f1ana de este mi\u00e9rcoles se dio a conocer que el regidor de Poza Rica, Rogelio Quir\u00f3z Pulido, fue v\u00edctima de asalto y agresi\u00f3n f\u00edsica mientras viajaba con su familia por la carretera M\u00e9xico &#8211; Tuxpan.<\/p>\n\n\n\n<p>Los primeros informes indican que los hechos ocurrieron durante las primeras horas del d\u00eda mi\u00e9rcoles, cuando sujetos armados interceptaron la unidad m\u00f3vil donde viajaba, y retuvieron ilegalmente priv\u00e1ndolo por momentos de su libertad al funcionario municipal y su familia.<\/p>\n\n\n\n<p>Tras el ataque, el regidor y su familia acudieron a las autoridades locales de Huauchinango para interponer la denuncia correspondiente. Hasta el momento, no ha habido declaraciones oficiales por parte del funcionario ni del coordinador municipal del Partido del Trabajo (partido al que pertenece).<\/p>\n\n\n\n<p>Est\u00e1 hecho delictivo se suma a diversas denuncias de asaltos con violencia que se han registrado durante las \u00faltimas semanas en la carretera federal M\u00e9xico &#8211; Tuxpan, misma que se encuentra en rehabilitaci\u00f3n en algunos tramos, lo cual facilita el ataque de los ladrones.<\/p>\n","protected":false},"excerpt":{"rendered":"<p>Alejandro \u00c1vila Poza Rica, Ver.- La ma\u00f1ana de este mi\u00e9rcoles se dio a conocer que el regidor de Poza Rica, Rogelio Quir\u00f3z Pulido, fue v\u00edctima de asalto y agresi\u00f3n f\u00edsica mientras viajaba con su familia por la carretera M\u00e9xico &#8211; Tuxpan. Los primeros informes indican que los hechos ocurrieron durante las primeras horas del d\u00eda [&hellip;]<\/p>\n","protected":false},"author":2476,"featured_media":61230,"comment_status":"open","ping_status":"open","sticky":false,"template":"","format":"standard","meta":{"_jetpack_memberships_contains_paid_content":false,"footnotes":""},"categories":[2],"tags":[],"class_list":["post-61229","post","type-post","status-publish","format-standard","has-post-thumbnail","hentry","category-estado"],"jetpack_featured_media_url":"https:\/\/encuentroinformativo.com.mx\/wp-content\/uploads\/2024\/11\/IMG-20241127-WA0084.jpg","jetpack_sharing_enabled":true,"jetpack_likes_enabled":true,"amp_enabled":true,"_links":{"self":[{"href":"https:\/\/encuentroinformativo.com.mx\/index.php?rest_route=\/wp\/v2\/posts\/61229","targetHints":{"allow":["GET"]}}],"collection":[{"href":"https:\/\/encuentroinformativo.com.mx\/index.php?rest_route=\/wp\/v2\/posts"}],"about":[{"href":"https:\/\/encuentroinformativo.com.mx\/index.php?rest_route=\/wp\/v2\/types\/post"}],"author":[{"embeddable":true,"href":"https:\/\/encuentroinformativo.com.mx\/index.php?rest_route=\/wp\/v2\/users\/2476"}],"replies":[{"embeddable":true,"href":"https:\/\/encuentroinformativo.com.mx\/index.php?rest_route=%2Fwp%2Fv2%2Fcomments&post=61229"}],"version-history":[{"count":1,"href":"https:\/\/encuentroinformativo.com.mx\/index.php?rest_route=\/wp\/v2\/posts\/61229\/revisions"}],"predecessor-version":[{"id":61231,"href":"https:\/\/encuentroinformativo.com.mx\/index.php?rest_route=\/wp\/v2\/posts\/61229\/revisions\/61231"}],"wp:featuredmedia":[{"embeddable":true,"href":"https:\/\/encuentroinformativo.com.mx\/index.php?rest_route=\/wp\/v2\/media\/61230"}],"wp:attachment":[{"href":"https:\/\/encuentroinformativo.com.mx\/index.php?rest_route=%2Fwp%2Fv2%2Fmedia&parent=61229"}],"wp:term":[{"taxonomy":"category","embeddable":true,"href":"https:\/\/encuentroinformativo.com.mx\/index.php?rest_route=%2Fwp%2Fv2%2Fcategories&post=61229"},{"taxonomy":"post_tag","embeddable":true,"href":"https:\/\/encuentroinformativo.com.mx\/index.php?rest_route=%2Fwp%2Fv2%2Ftags&post=61229"}],"curies":[{"name":"wp","href":"https:\/\/api.w.org\/{rel}","templated":true}]}}