{"id":61235,"date":"2024-11-27T16:09:36","date_gmt":"2024-11-27T22:09:36","guid":{"rendered":"https:\/\/encuentroinformativo.com.mx\/?p=61235"},"modified":"2024-11-27T16:09:42","modified_gmt":"2024-11-27T22:09:42","slug":"confian-en-rehabilitacion-de-carreteras-cercanas-a-laguna-verde","status":"publish","type":"post","link":"https:\/\/encuentroinformativo.com.mx\/?p=61235","title":{"rendered":"Conf\u00edan en rehabilitaci\u00f3n de carreteras cercanas a Laguna Verde"},"content":{"rendered":"\n<p><strong>Dar\u00edo Pale <\/strong><\/p>\n\n\n\n<p>Xalapa, Ver.- El vocero del Movimiento de Lucha Social \u201cLa Leyenda de Chucho el Roto\u201d, Jorge Morales Barradas dijo que conf\u00edan en ampliaci\u00f3n y rehabilitaci\u00f3n de carreteras cercanas a Laguna Verde.<\/p>\n\n\n\n<p>En conferencia de prensa se\u00f1al\u00f3 que, la gente ve con buen \u00e1nimo las gestiones que la presidenta Claudia Sheinbaum y la pr\u00f3xima gobernadora de Veracruz, Roc\u00edo Nahle anunciaron para la ampliaci\u00f3n de 210 kil\u00f3metros de v\u00edas federales, entre los cuales se incluye la carretera P\u00e1nuco-Tantoyuca y la carretera federal 180.<\/p>\n\n\n\n<p>Record\u00f3 que desde hace a\u00f1os han solicitado la ampliaci\u00f3n de 8 a 12 metros de ancho de la carretera 180, en el tramo de La Mancha a Laguna Verde.<\/p>\n\n\n\n<p>\u201cEsta carretera debi\u00f3 de haberse realizado desde hace mucho tiempo, desde que pusieron en funci\u00f3n el primer reactor de Laguna Verde en el a\u00f1o 90\u201d, se\u00f1al\u00f3.<\/p>\n\n\n\n<p>Jorge Morales reiter\u00f3 la necesidad de contar con una ruta de evacuaci\u00f3n con cuatro carriles ante la seguridad que se debe brindar a los pobladores de la regi\u00f3n.<\/p>\n\n\n\n<p>\u201cAparte es la v\u00eda de comunicaci\u00f3n desde el norte hasta el sur, atraviesa todo el Estado de Veracruz y es el paso obligado de todos nuestros amigos, parientes y ciudadanos que vienen del norte del pa\u00eds\u201d, coment\u00f3.<\/p>\n\n\n\n<p>El representante de \u201cLa Leyenda de Chucho el Roto&#8221; dijo confiar en que el gobierno de Roc\u00edo Nahle atienda \u00e9sta y dem\u00e1s necesidades populares, por ello, adelant\u00f3 que a partir del pr\u00f3ximo lunes 2 de diciembre presentar\u00e1 por escrito una solicitud de audiencia para exponer los reclamos de diversas familias.\u00a0<\/p>\n\n\n\n<p>Finalmente dijo que, \u201ccreemos que va a ser cercano a la gente, creemos que va a ser un gobierno de puertas abiertas, que se van a atender las demandas sociales mediante las peticiones que hoy el pueblo est\u00e1 haciendo\u201d.<\/p>\n","protected":false},"excerpt":{"rendered":"<p>Dar\u00edo Pale Xalapa, Ver.- El vocero del Movimiento de Lucha Social \u201cLa Leyenda de Chucho el Roto\u201d, Jorge Morales Barradas dijo que conf\u00edan en ampliaci\u00f3n y rehabilitaci\u00f3n de carreteras cercanas a Laguna Verde. En conferencia de prensa se\u00f1al\u00f3 que, la gente ve con buen \u00e1nimo las gestiones que la presidenta Claudia Sheinbaum y la pr\u00f3xima [&hellip;]<\/p>\n","protected":false},"author":2476,"featured_media":61236,"comment_status":"open","ping_status":"open","sticky":false,"template":"","format":"standard","meta":{"_jetpack_memberships_contains_paid_content":false,"footnotes":""},"categories":[8],"tags":[],"class_list":["post-61235","post","type-post","status-publish","format-standard","has-post-thumbnail","hentry","category-region"],"jetpack_featured_media_url":"https:\/\/encuentroinformativo.com.mx\/wp-content\/uploads\/2024\/11\/IMG-20241127-WA0058.jpg","jetpack_sharing_enabled":true,"jetpack_likes_enabled":true,"amp_enabled":true,"_links":{"self":[{"href":"https:\/\/encuentroinformativo.com.mx\/index.php?rest_route=\/wp\/v2\/posts\/61235","targetHints":{"allow":["GET"]}}],"collection":[{"href":"https:\/\/encuentroinformativo.com.mx\/index.php?rest_route=\/wp\/v2\/posts"}],"about":[{"href":"https:\/\/encuentroinformativo.com.mx\/index.php?rest_route=\/wp\/v2\/types\/post"}],"author":[{"embeddable":true,"href":"https:\/\/encuentroinformativo.com.mx\/index.php?rest_route=\/wp\/v2\/users\/2476"}],"replies":[{"embeddable":true,"href":"https:\/\/encuentroinformativo.com.mx\/index.php?rest_route=%2Fwp%2Fv2%2Fcomments&post=61235"}],"version-history":[{"count":1,"href":"https:\/\/encuentroinformativo.com.mx\/index.php?rest_route=\/wp\/v2\/posts\/61235\/revisions"}],"predecessor-version":[{"id":61237,"href":"https:\/\/encuentroinformativo.com.mx\/index.php?rest_route=\/wp\/v2\/posts\/61235\/revisions\/61237"}],"wp:featuredmedia":[{"embeddable":true,"href":"https:\/\/encuentroinformativo.com.mx\/index.php?rest_route=\/wp\/v2\/media\/61236"}],"wp:attachment":[{"href":"https:\/\/encuentroinformativo.com.mx\/index.php?rest_route=%2Fwp%2Fv2%2Fmedia&parent=61235"}],"wp:term":[{"taxonomy":"category","embeddable":true,"href":"https:\/\/encuentroinformativo.com.mx\/index.php?rest_route=%2Fwp%2Fv2%2Fcategories&post=61235"},{"taxonomy":"post_tag","embeddable":true,"href":"https:\/\/encuentroinformativo.com.mx\/index.php?rest_route=%2Fwp%2Fv2%2Ftags&post=61235"}],"curies":[{"name":"wp","href":"https:\/\/api.w.org\/{rel}","templated":true}]}}