{"id":61255,"date":"2024-11-27T17:52:05","date_gmt":"2024-11-27T23:52:05","guid":{"rendered":"https:\/\/encuentroinformativo.com.mx\/?p=61255"},"modified":"2024-11-27T17:52:11","modified_gmt":"2024-11-27T23:52:11","slug":"propone-diputado-modificar-periodo-de-titular-de-la-fge","status":"publish","type":"post","link":"https:\/\/encuentroinformativo.com.mx\/?p=61255","title":{"rendered":"Propone diputado modificar periodo de titular de la FGE"},"content":{"rendered":"\n<p id=\"m_-1424490483917393213docs-internal-guid-b08bdb38-7fff-9012-2a46-f9be81f19358\"><strong>Dar\u00edo Pale <\/strong><\/p>\n\n\n\n<p id=\"m_-1424490483917393213docs-internal-guid-b08bdb38-7fff-9012-2a46-f9be81f19358\">Xalapa, Ver.- Propone diputado una iniciativa para reformar diversos art\u00edculos de la Constituci\u00f3n Pol\u00edtica del Estado para reducir el periodo de 9 a 4 a\u00f1os del o la fiscal general del Estado, con la posibilidad de evaluar el desempe\u00f1o y, de acuerdo a \u00e9ste, permitir que repita en un segundo per\u00edodo, as\u00ed lo se\u00f1al\u00f3 el diputado local de Morena, Diego Casta\u00f1eda Aburto.<\/p>\n\n\n\n<p id=\"m_-1424490483917393213docs-internal-guid-b08bdb38-7fff-9012-2a46-f9be81f19358\">De igual forma, aumentar los requisitos que debe cumplir el cargo de fiscal general del Estado, con la finalidad de obtener un mayor control sobre los deberes y obligaciones que debe observar por considerarse de evidente importancia p\u00fablica y pol\u00edtica.&nbsp;<\/p>\n\n\n\n<p id=\"m_-1424490483917393213docs-internal-guid-b08bdb38-7fff-9012-2a46-f9be81f19358\">De esa manera, el legislador de Morena propuso reformar la fracci\u00f3n 44 del art\u00edculo 33, la fracci\u00f3n 22 del art\u00edculo 29, los incisos B, C y D del art\u00edculo 67 y adicionar la fracci\u00f3n 24 al art\u00edculo 49, todos de la Constituci\u00f3n del Estado.&nbsp;<\/p>\n\n\n\n<p id=\"m_-1424490483917393213docs-internal-guid-b08bdb38-7fff-9012-2a46-f9be81f19358\">Sostuvo que a\u00fan est\u00e1 en proceso de consolidaci\u00f3n el procedimiento \u201cadecuado\u201d para la designaci\u00f3n del titular de la Fiscal\u00eda, que satisfaga con plenitud las exigencias pol\u00edticas, jur\u00eddicas, t\u00e9cnicas y sociales en un ambiente p\u00fablico cada vez m\u00e1s democr\u00e1tico.&nbsp;<\/p>\n\n\n\n<p id=\"m_-1424490483917393213docs-internal-guid-b08bdb38-7fff-9012-2a46-f9be81f19358\">Por lo que, al haber comparado los textos federal y local de las constituciones respectivas, determinaron que hay \u00e1reas de oportunidad que abonan a la consolidaci\u00f3n de la democracia.&nbsp;<\/p>\n\n\n\n<p id=\"m_-1424490483917393213docs-internal-guid-b08bdb38-7fff-9012-2a46-f9be81f19358\">Subray\u00f3 que la persecuci\u00f3n de los delitos es una funci\u00f3n que no s\u00f3lo circunscribe al \u00e1mbito jur\u00eddico social, sino que tambi\u00e9n arroja notables consecuencias y repercusiones pol\u00edticas que deben encontrarse susceptibles de ser vigiladas y supervisadas.<\/p>\n\n\n\n<p id=\"m_-1424490483917393213docs-internal-guid-b08bdb38-7fff-9012-2a46-f9be81f19358\">\u201cEsta iniciativa propone el aumento de los requisitos que debe cumplir la persona aspirante al cargo con la finalidad de obtener un mayor control sobre los deberes y obligaciones que debe observar por considerarse de evidente importancia p\u00fablica y pol\u00edtica\u201d, se\u00f1al\u00f3.<\/p>\n\n\n\n<p id=\"m_-1424490483917393213docs-internal-guid-b08bdb38-7fff-9012-2a46-f9be81f19358\">\u201cLos cuales consisten en, que adem\u00e1s de los que ya existen, someterse y acreditar, en t\u00e9rminos de la Ley, las evaluaciones y certificaciones de control y confianza correspondiente, as\u00ed como no haber desempe\u00f1ado cargo de elecci\u00f3n popular o cargo de direcci\u00f3n en un partido pol\u00edtico un a\u00f1o previo a su designaci\u00f3n\u201d, agreg\u00f3.&nbsp;<\/p>\n\n\n\n<p id=\"m_-1424490483917393213docs-internal-guid-b08bdb38-7fff-9012-2a46-f9be81f19358\">Asimismo, destac\u00f3 que el perfil del o la titular del cargo de Fiscal general, ser\u00e1 de una persona honorable, con conocimientos y experiencias en el \u00e1mbito jur\u00eddico y de procuraci\u00f3n justicia, que tenga capacidad de administraci\u00f3n y direcci\u00f3n institucional, as\u00ed como de dise\u00f1o y ejecuci\u00f3n de pol\u00edticas p\u00fablicas.&nbsp;<\/p>\n\n\n\n<p id=\"m_-1424490483917393213docs-internal-guid-b08bdb38-7fff-9012-2a46-f9be81f19358\">Adem\u00e1s, que sea independiente en su actuaci\u00f3n con una visi\u00f3n de respeto y protecci\u00f3n de los derechos humanos, atenci\u00f3n a las v\u00edctimas y a la perspectiva de g\u00e9nero.&nbsp;<\/p>\n\n\n\n<p id=\"m_-1424490483917393213docs-internal-guid-b08bdb38-7fff-9012-2a46-f9be81f19358\">El congresista enfatiz\u00f3 que la mayor relevancia de la propuesta es la temporalidad del cargo de fiscal general, toda vez que se reduce el periodo de 9 a 4 a\u00f1os en el cargo, con la posibilidad de evaluar el desempe\u00f1o y, de acuerdo a \u00e9ste, permitir si repite en un segundo per\u00edodo.<\/p>\n\n\n\n<p id=\"m_-1424490483917393213docs-internal-guid-b08bdb38-7fff-9012-2a46-f9be81f19358\">Por \u00faltimo aclar\u00f3 que en el caso de la ratificaci\u00f3n se har\u00e1 una valoraci\u00f3n del cargo para determinar si contin\u00faa o no en el mismo, no s\u00f3lo en beneficio de la persona que busca ser ratificada sino como una garant\u00eda de la sociedad, de contar con titulares de \u00f3rganos id\u00f3neos.<\/p>\n","protected":false},"excerpt":{"rendered":"<p>Dar\u00edo Pale Xalapa, Ver.- Propone diputado una iniciativa para reformar diversos art\u00edculos de la Constituci\u00f3n Pol\u00edtica del Estado para reducir el periodo de 9 a 4 a\u00f1os del o la fiscal general del Estado, con la posibilidad de evaluar el desempe\u00f1o y, de acuerdo a \u00e9ste, permitir que repita en un segundo per\u00edodo, as\u00ed lo [&hellip;]<\/p>\n","protected":false},"author":2476,"featured_media":61257,"comment_status":"open","ping_status":"open","sticky":false,"template":"","format":"standard","meta":{"_jetpack_memberships_contains_paid_content":false,"footnotes":""},"categories":[2],"tags":[],"class_list":["post-61255","post","type-post","status-publish","format-standard","has-post-thumbnail","hentry","category-estado"],"jetpack_featured_media_url":"https:\/\/encuentroinformativo.com.mx\/wp-content\/uploads\/2024\/11\/NOV26NOV2024CGE4.jpeg","jetpack_sharing_enabled":true,"jetpack_likes_enabled":true,"amp_enabled":true,"_links":{"self":[{"href":"https:\/\/encuentroinformativo.com.mx\/index.php?rest_route=\/wp\/v2\/posts\/61255","targetHints":{"allow":["GET"]}}],"collection":[{"href":"https:\/\/encuentroinformativo.com.mx\/index.php?rest_route=\/wp\/v2\/posts"}],"about":[{"href":"https:\/\/encuentroinformativo.com.mx\/index.php?rest_route=\/wp\/v2\/types\/post"}],"author":[{"embeddable":true,"href":"https:\/\/encuentroinformativo.com.mx\/index.php?rest_route=\/wp\/v2\/users\/2476"}],"replies":[{"embeddable":true,"href":"https:\/\/encuentroinformativo.com.mx\/index.php?rest_route=%2Fwp%2Fv2%2Fcomments&post=61255"}],"version-history":[{"count":1,"href":"https:\/\/encuentroinformativo.com.mx\/index.php?rest_route=\/wp\/v2\/posts\/61255\/revisions"}],"predecessor-version":[{"id":61258,"href":"https:\/\/encuentroinformativo.com.mx\/index.php?rest_route=\/wp\/v2\/posts\/61255\/revisions\/61258"}],"wp:featuredmedia":[{"embeddable":true,"href":"https:\/\/encuentroinformativo.com.mx\/index.php?rest_route=\/wp\/v2\/media\/61257"}],"wp:attachment":[{"href":"https:\/\/encuentroinformativo.com.mx\/index.php?rest_route=%2Fwp%2Fv2%2Fmedia&parent=61255"}],"wp:term":[{"taxonomy":"category","embeddable":true,"href":"https:\/\/encuentroinformativo.com.mx\/index.php?rest_route=%2Fwp%2Fv2%2Fcategories&post=61255"},{"taxonomy":"post_tag","embeddable":true,"href":"https:\/\/encuentroinformativo.com.mx\/index.php?rest_route=%2Fwp%2Fv2%2Ftags&post=61255"}],"curies":[{"name":"wp","href":"https:\/\/api.w.org\/{rel}","templated":true}]}}