{"id":6126,"date":"2020-09-24T12:28:31","date_gmt":"2020-09-24T17:28:31","guid":{"rendered":"https:\/\/encuentroinformativo.com.mx\/?p=6126"},"modified":"2020-09-24T12:28:34","modified_gmt":"2020-09-24T17:28:34","slug":"celebra-comunidad-lgbttti-avances-de-acuerdos-con-fiscalia","status":"publish","type":"post","link":"https:\/\/encuentroinformativo.com.mx\/?p=6126","title":{"rendered":"Celebra comunidad LGBTTTI avances de acuerdos con Fiscal\u00eda"},"content":{"rendered":"\n<p><strong>Dar\u00edo Pale <\/strong><\/p>\n\n\n\n<p>Xalapa, Ver.- Benjamin Callejas Hern\u00e1ndez presidente de la Coalici\u00f3n Estatal de la Comunidad LGBTTTI, se\u00f1al\u00f3 que est\u00e1n solicitando audiencia con el gobernador para que se realicen las mesas de trabajado interinstitucional.<\/p>\n\n\n\n<p>En conferencia de prensa realizada en conocido caf\u00e9 del centro de Xalapa, dio a conocer que el d\u00eda de ayer tuvieron una reuni\u00f3n en la Fiscal\u00eda despu\u00e9s de la manifestaci\u00f3n pac\u00edfica que realizaron el pasado 28 de agosto donde tomaron acuerdos muy importantes.<\/p>\n\n\n\n<p>El punto principal fue la creaci\u00f3n de un protocolo de atenci\u00f3n a la comunidad en el tema fiscal ya que no existe y otro de los puntos es que se dar\u00e1 acompa\u00f1amiento a los familiares de las v\u00edctimas para desempolvar las carpetas de investigaci\u00f3n que se quedaron rezagadas desde hace muchos a\u00f1os.<\/p>\n\n\n\n<p>Lo anterior lo consider\u00f3 un logro muy importante ya que muchas familias desconocen en qu\u00e9 parte del proceso se encuentran la investigaci\u00f3n ya que no hay detenidos ni se\u00f1alamientos al igual que imputaciones o resoluciones y las familias est\u00e1n exigiendo justicia.<\/p>\n\n\n\n<p>Dio a conocer que hasta el momento van 28 del 2018, 32 del 2019 y 20 en lo que va del presente a\u00f1o, lo cual demuestra el incremento de los homicidios que van d\u00eda con d\u00eda, y la omisi\u00f3n de la fiscal\u00eda que no da seguimiento.<\/p>\n\n\n\n<p>Otro de los logros es la capacitaci\u00f3n la cual se realizar\u00e1 al interior por parte de los funcionarios p\u00fablicos, ya que estos han discriminado a las y los que van a interponer una denuncia, y deben de separar lo laico de las leyes.<\/p>\n\n\n\n<p>Tambi\u00e9n se empezar\u00e1n a abrir mesas interinstitucionales donde solicitan que sea una atenci\u00f3n integral, ya que los cr\u00edmenes de odio no se pueden atacar solamente desde la fiscal\u00eda o de seguridad p\u00fablica de manera aislada tiene que ser de forma integral.<\/p>\n\n\n\n<p>En otro orden de ideas se\u00f1alaron que han estado solicitando audiencia con el gobernador del estado Cuitl\u00e1huac Garc\u00eda Jim\u00e9nez desde el 14 de septiembre del 2018 para ver todos estos temas de agendas de trabajo y el 26 de marzo del 2019 le solicitaron audiencia para las mesas interinstitucionales ya que se hab\u00eda comprometido a crear el consejo estatal contra la discriminaci\u00f3n.<\/p>\n\n\n\n<p>Finalmente se\u00f1al\u00f3 que debido a la problem\u00e1tica de cr\u00edmenes de odio volvieron a solicitar audiencia para que desde el ejecutivo se tomen en cuenta estos temas ya que es de suma importancia que la m\u00e1xima autoridad en el estado ponga el ejemplo, ya que Veracruz es el primer lugar a nivel nacional por cr\u00edmenes de odio por homofobia.<\/p>\n","protected":false},"excerpt":{"rendered":"<p>Dar\u00edo Pale Xalapa, Ver.- Benjamin Callejas Hern\u00e1ndez presidente de la Coalici\u00f3n Estatal de la Comunidad LGBTTTI, se\u00f1al\u00f3 que est\u00e1n solicitando audiencia con el gobernador para que se realicen las mesas de trabajado interinstitucional. En conferencia de prensa realizada en conocido caf\u00e9 del centro de Xalapa, dio a conocer que el d\u00eda de ayer tuvieron una [&hellip;]<\/p>\n","protected":false},"author":1,"featured_media":6127,"comment_status":"open","ping_status":"open","sticky":false,"template":"","format":"aside","meta":{"_jetpack_memberships_contains_paid_content":false,"footnotes":""},"categories":[3],"tags":[],"class_list":["post-6126","post","type-post","status-publish","format-aside","has-post-thumbnail","hentry","category-xalapa","post_format-post-format-aside"],"jetpack_featured_media_url":"https:\/\/encuentroinformativo.com.mx\/wp-content\/uploads\/2020\/09\/C4A9DAD7-D0CB-44E4-BE42-53323D295854.jpeg","jetpack_sharing_enabled":true,"jetpack_likes_enabled":true,"amp_enabled":true,"_links":{"self":[{"href":"https:\/\/encuentroinformativo.com.mx\/index.php?rest_route=\/wp\/v2\/posts\/6126","targetHints":{"allow":["GET"]}}],"collection":[{"href":"https:\/\/encuentroinformativo.com.mx\/index.php?rest_route=\/wp\/v2\/posts"}],"about":[{"href":"https:\/\/encuentroinformativo.com.mx\/index.php?rest_route=\/wp\/v2\/types\/post"}],"author":[{"embeddable":true,"href":"https:\/\/encuentroinformativo.com.mx\/index.php?rest_route=\/wp\/v2\/users\/1"}],"replies":[{"embeddable":true,"href":"https:\/\/encuentroinformativo.com.mx\/index.php?rest_route=%2Fwp%2Fv2%2Fcomments&post=6126"}],"version-history":[{"count":1,"href":"https:\/\/encuentroinformativo.com.mx\/index.php?rest_route=\/wp\/v2\/posts\/6126\/revisions"}],"predecessor-version":[{"id":6128,"href":"https:\/\/encuentroinformativo.com.mx\/index.php?rest_route=\/wp\/v2\/posts\/6126\/revisions\/6128"}],"wp:featuredmedia":[{"embeddable":true,"href":"https:\/\/encuentroinformativo.com.mx\/index.php?rest_route=\/wp\/v2\/media\/6127"}],"wp:attachment":[{"href":"https:\/\/encuentroinformativo.com.mx\/index.php?rest_route=%2Fwp%2Fv2%2Fmedia&parent=6126"}],"wp:term":[{"taxonomy":"category","embeddable":true,"href":"https:\/\/encuentroinformativo.com.mx\/index.php?rest_route=%2Fwp%2Fv2%2Fcategories&post=6126"},{"taxonomy":"post_tag","embeddable":true,"href":"https:\/\/encuentroinformativo.com.mx\/index.php?rest_route=%2Fwp%2Fv2%2Ftags&post=6126"}],"curies":[{"name":"wp","href":"https:\/\/api.w.org\/{rel}","templated":true}]}}