{"id":61263,"date":"2024-11-28T09:42:50","date_gmt":"2024-11-28T15:42:50","guid":{"rendered":"https:\/\/encuentroinformativo.com.mx\/?p=61263"},"modified":"2024-11-28T09:42:55","modified_gmt":"2024-11-28T15:42:55","slug":"lupe-y-sisniega-janeth-y-diego","status":"publish","type":"post","link":"https:\/\/encuentroinformativo.com.mx\/?p=61263","title":{"rendered":"LUPE Y SISNIEGA; JANETH Y DIEGO"},"content":{"rendered":"\n<p><strong>Los Pol\u00edticos<\/strong><\/p>\n\n\n\n<p><strong>Salvador Mu\u00f1oz<\/strong><\/p>\n\n\n\n<p>Algo hay que resaltar en la intervenci\u00f3n de la diputada Indira Rosales San Rom\u00e1n cuando se dirigi\u00f3 a la titular de Sesver, Guadalupe D\u00edaz del Castillo: le toca hacer frente a la serie de irregularidades que sus antecesores le dejaron.<\/p>\n\n\n\n<p>Hay que agregar algo a esa intervenci\u00f3n: Mucho de lo que gener\u00f3 esas irregularidades que cita la legisladora, se mantuvieron hasta el fin de esta administraci\u00f3n cuitlahuista y tienen nombre y apellido: Guadalupe D\u00edaz del Castillo y de Jorge Eduardo Sisniega Fern\u00e1ndez, director administrativo.<\/p>\n\n\n\n<p>Hay detalles que enfatizan el por qu\u00e9, como dijo la diputada Elena C\u00f3rdova Molina, dejan a Veracruz en terapia intensiva y una enorme chamba al cardi\u00f3logo Valent\u00edn Herrera Alarc\u00f3n.<\/p>\n\n\n\n<p>Se habla ya de serias deficiencias en la entrega recepci\u00f3n y negatividad por parte de Guadalupe Diaz del Castillo y de Jorge Eduardo Sisniega Fern\u00e1ndez, en recibir al equipo de entrega-recepci\u00f3n de la Gobernadora Roc\u00edo Nahle.<\/p>\n\n\n\n<p>A ello se a\u00fana las diversas ocasiones en que se presentaron problemas de log\u00edstica por parte del personal administrativo con el personal de la entrega-recepci\u00f3n a cargo del doctor Valent\u00edn Herrera Alarc\u00f3n.<\/p>\n\n\n\n<p>Hay evidencias de que Jorge Sisniega basific\u00f3 a personal de confianza entregando plazas por arriba de personas con mayor tiempo de antig\u00fcedad dentro de la Secretar\u00eda de Salud.<\/p>\n\n\n\n<p>En otros temas, sobre los aceleradores lineales del Cecan, los equipos llegaron, pero el uso y el espacio destinado para que estas unidades operen, no se encuentra listo, siguen en proceso de creaci\u00f3n y adaptaci\u00f3n lo que va en detrimento de los enfermos de c\u00e1ncer.<\/p>\n\n\n\n<p>Ni qu\u00e9 decir del parque vehicular de la Sesver: por lo menos un 60% de las unidades se encuentran en malas (p\u00e9simas) condiciones, lo que complica la operatividad de la Secretar\u00eda de Salud.<\/p>\n\n\n\n<p>Hay denuncias en la unidad de G\u00e9nero por represalias de la titular de Adicciones donde no cumpli\u00f3 con las medidas de seguridad aplicadas a una trabajadora, violentando sus derechos y optando por renunciar a su contrato laboral.<\/p>\n\n\n\n<p>Hasta el momento, el cardi\u00f3logo Valent\u00edn Herrera Alarc\u00f3n ha sido prudente para no entorpecer los trabajos de entrega-recepci\u00f3n, pero no por ello, ciego al desfalco y el nulo trabajo desempe\u00f1ado durante esta administraci\u00f3n; funcionarios amparados bajo el poder y el mando de Cuitl\u00e1huac Garc\u00eda, quien orden\u00f3 poner todos los insumos humanos y t\u00e9cnicos al servicio de IMSS-Bienestar, quienes fueron contratados y muchos de ellos perdieron su antig\u00fcedad.<\/p>\n\n\n\n<p><strong>LA AUTORIDAD DE JANETH<\/strong><\/p>\n\n\n\n<p>Por lo regular, a lo largo de estas comparecencias que menguan, destacan los diputados que son incisivos, cr\u00edticos, que argumentan y hacen ver inestables, mal, fuera de lugar al secretario cuestionado.<\/p>\n\n\n\n<p>Ah\u00ed tenemos a H\u00e9ctor Yunes, Indira Rosales, Elena C\u00f3rdova y quiz\u00e1s hasta el Chino \u00c1vila, que aqu\u00ed entre nos, por cierto, es el dueto naranja que se ha aventado todas las comparecencias\u2026<\/p>\n\n\n\n<p>Pero durante la comparecencia de la titular de Sesver, Guadalupe D\u00edaz del Castillo Flores, hay que resaltar el papel que desempe\u00f1\u00f3 la presidenta de la Comisi\u00f3n de Salud y Asistencia, Janeth Adanely Rodr\u00edguez Rodr\u00edguez.<\/p>\n\n\n\n<p>La joven diputada local de Poza Rica llev\u00f3 de manera tersa pero firme la conducci\u00f3n de la Comparecencia, a tal grado que hizo sentir el rigor nada m\u00e1s y nada menos que a la legisladora azul, Indira Rosales San Rom\u00e1n en algo tan simple como el tiempo.<\/p>\n\n\n\n<p>No se niega las tablas que tiene la porte\u00f1a a la hora de usar el micr\u00f3fono, pero mal no se vio la diputada Janeth, cuando sin aspavientos, le hizo entender a la panista que su tiempo se le hab\u00eda agotado para cuestionar a la titular de Salud \u00a1por dos ocasiones! Bast\u00f3 un ligero movimiento de cabeza para que le apagaran el micr\u00f3fono a Indira, quien ni chist\u00f3, acatando de cierto modo, la autoridad de Rodr\u00edguez Rodr\u00edguez.<\/p>\n\n\n\n<p><strong>LA INICIATIVA DE DIEGO<\/strong><\/p>\n\n\n\n<p>Independientemente de los tonos, colores y matices pol\u00edticos que le quieran poner a la Iniciativa del diputado Diego Casta\u00f1eda Aburto, no deja de tener un criterio acorde con los tiempos de la Cuarta Transformaci\u00f3n, porque se da oportunidad de llevar al Fiscal en turno, a una evaluaci\u00f3n de desempe\u00f1o, algo as\u00ed como someterse a una \u201crevocaci\u00f3n de mandato\u201d\u2026<\/p>\n\n\n\n<p>Hablo de la iniciativa de decreto que reforma y adiciona diversas disposiciones de la Constituci\u00f3n Pol\u00edtica local, en materia de Procuraci\u00f3n de Justicia, que contempla bajar de nueve a cuatro a\u00f1os el periodo en el cargo.<\/p>\n\n\n\n<p>Hay que agregar un dato:<\/p>\n\n\n\n<p>En la Autonom\u00eda de nuestra Fiscal\u00eda General del Estado, hemos tenido tres titulares y ninguno de ellos ha cumplido el plazo por el que fue elegido\u2026 pas\u00f3 el Fiscul\u00edn Luis \u00c1ngel Bravo; Juan Javier G\u00f3mez Cazar\u00edn tumb\u00f3 a Jorge Winckler y todo indica que Ver\u00f3nica Hern\u00e1ndez Giad\u00e1ns, quien ya lleva m\u00e1s de cuatro a\u00f1os al frente de la FGE, ha de dar un paso al lado en lugar de someterse a una Evaluaci\u00f3n en aras de un segundo periodo, y m\u00e1s despu\u00e9s de que pidiera a Juez retirar las \u00f3rdenes de aprehensi\u00f3n contra Miguel \u00c1ngel Yunes M\u00e1rquez, algo que no debe tener contentos a muchos\u2026 y muchas.<\/p>\n\n\n\n<p>El presidente de la Comisi\u00f3n de Procuraci\u00f3n de Justicia propone que la o el titular de la FGE ser\u00e1 una persona honorable, con conocimientos y experiencia en el \u00e1mbito jur\u00eddico y de procuraci\u00f3n de justicia, capacidad de administraci\u00f3n y direcci\u00f3n institucional, dise\u00f1o y ejecuci\u00f3n de pol\u00edticas p\u00fablicas, independiente en su actuaci\u00f3n, con una visi\u00f3n de respeto y protecci\u00f3n a los derechos humanos, atenci\u00f3n a las v\u00edctimas y perspectiva de g\u00e9nero. \u00a1Una chamba para Di\u00f3genes, porque la o el Fiscal saldr\u00e1 de una terna!&nbsp;<\/p>\n\n\n\n<p>En lo particular, el reducir de nueve a cuatro a\u00f1os la funci\u00f3n del Fiscal, y ser sometido a una evaluaci\u00f3n, ser\u00e1 un buen \u201cdesempe\u00f1\u00f3metro\u201d que en una de \u00e9sas, debiera replicarse en otros cargos\u2026<\/p>\n","protected":false},"excerpt":{"rendered":"<p>Los Pol\u00edticos Salvador Mu\u00f1oz Algo hay que resaltar en la intervenci\u00f3n de la diputada Indira Rosales San Rom\u00e1n cuando se dirigi\u00f3 a la titular de Sesver, Guadalupe D\u00edaz del Castillo: le toca hacer frente a la serie de irregularidades que sus antecesores le dejaron. Hay que agregar algo a esa intervenci\u00f3n: Mucho de lo que [&hellip;]<\/p>\n","protected":false},"author":2476,"featured_media":387,"comment_status":"open","ping_status":"open","sticky":false,"template":"","format":"standard","meta":{"_jetpack_memberships_contains_paid_content":false,"footnotes":""},"categories":[11],"tags":[],"class_list":["post-61263","post","type-post","status-publish","format-standard","has-post-thumbnail","hentry","category-opinion"],"jetpack_featured_media_url":"https:\/\/encuentroinformativo.com.mx\/wp-content\/uploads\/2020\/03\/7CF8A22B-2764-47BE-8F7F-38FE9E5D6A2F.jpeg","jetpack_sharing_enabled":true,"jetpack_likes_enabled":true,"amp_enabled":true,"_links":{"self":[{"href":"https:\/\/encuentroinformativo.com.mx\/index.php?rest_route=\/wp\/v2\/posts\/61263","targetHints":{"allow":["GET"]}}],"collection":[{"href":"https:\/\/encuentroinformativo.com.mx\/index.php?rest_route=\/wp\/v2\/posts"}],"about":[{"href":"https:\/\/encuentroinformativo.com.mx\/index.php?rest_route=\/wp\/v2\/types\/post"}],"author":[{"embeddable":true,"href":"https:\/\/encuentroinformativo.com.mx\/index.php?rest_route=\/wp\/v2\/users\/2476"}],"replies":[{"embeddable":true,"href":"https:\/\/encuentroinformativo.com.mx\/index.php?rest_route=%2Fwp%2Fv2%2Fcomments&post=61263"}],"version-history":[{"count":1,"href":"https:\/\/encuentroinformativo.com.mx\/index.php?rest_route=\/wp\/v2\/posts\/61263\/revisions"}],"predecessor-version":[{"id":61264,"href":"https:\/\/encuentroinformativo.com.mx\/index.php?rest_route=\/wp\/v2\/posts\/61263\/revisions\/61264"}],"wp:featuredmedia":[{"embeddable":true,"href":"https:\/\/encuentroinformativo.com.mx\/index.php?rest_route=\/wp\/v2\/media\/387"}],"wp:attachment":[{"href":"https:\/\/encuentroinformativo.com.mx\/index.php?rest_route=%2Fwp%2Fv2%2Fmedia&parent=61263"}],"wp:term":[{"taxonomy":"category","embeddable":true,"href":"https:\/\/encuentroinformativo.com.mx\/index.php?rest_route=%2Fwp%2Fv2%2Fcategories&post=61263"},{"taxonomy":"post_tag","embeddable":true,"href":"https:\/\/encuentroinformativo.com.mx\/index.php?rest_route=%2Fwp%2Fv2%2Ftags&post=61263"}],"curies":[{"name":"wp","href":"https:\/\/api.w.org\/{rel}","templated":true}]}}