{"id":61268,"date":"2024-11-28T11:47:51","date_gmt":"2024-11-28T17:47:51","guid":{"rendered":"https:\/\/encuentroinformativo.com.mx\/?p=61268"},"modified":"2024-11-28T11:47:56","modified_gmt":"2024-11-28T17:47:56","slug":"asipona-buscara-que-claudia-sheinbaum-inaugure-plaza-del-heroismo","status":"publish","type":"post","link":"https:\/\/encuentroinformativo.com.mx\/?p=61268","title":{"rendered":"ASIPONA buscar\u00e1 que Claudia Sheinbaum inaugure Plaza del Hero\u00edsmo"},"content":{"rendered":"\n<p><strong>Alejandro \u00c1vila<\/strong><\/p>\n\n\n\n<p>Veracruz, Ver.- La Administraci\u00f3n del Sistema Portuario Nacional (ASIPONA) de Veracruz buscar\u00e1 que la presidenta, Claudia Sheinbaum Pardo, sea qui\u00e9n inaugure la Plaza Hero\u00edsmo, tentativamente el pr\u00f3ximo 21 de abril del 2025, mencion\u00f3 su director general, Vicealmirante, Carlos Ignacio Vel\u00e1zquez Tiscare\u00f1o.<\/p>\n\n\n\n<p>&#8220;Estamos buscando una fecha en donde puedan venir autoridades a nivel ejecutivo, Secretar\u00eda de Marina, presidente de la rep\u00fablica, para ver si tentativamente el 21 de abril, para hacer coincidir con las fiestas tradicionales con los eventos tradicionales que se llevan a cabo aqu\u00ed&#8221;, expres\u00f3.<\/p>\n\n\n\n<p>El funcionario federal aclar\u00f3 que los locatarios que se encontraban sobre la calle Landero y Coss y la avenida Insurgentes Veracruzanos podr\u00e1n regresar a sus respectivos comercios una vez que esto est\u00e9n terminados, lo cual podr\u00eda ser durante la segunda quincena de este mes de diciembre del 2024.<\/p>\n\n\n\n<p>Vel\u00e1zquez Tiscare\u00f1o tambi\u00e9n inform\u00f3 que sostuvieron una reuni\u00f3n con personal de Instituto Nacional de Antropolog\u00eda e Historia (INAH), pues en los cimientos de la Plaza Hero\u00edsmo, sobre la calle Landero y Coss encontraron vestigios de la ciudad amurallada y estos, al igual que en el Z\u00f3calo de la ciudad ser\u00e1n expuestos para el deleite de los visitantes<\/p>\n","protected":false},"excerpt":{"rendered":"<p>Alejandro \u00c1vila Veracruz, Ver.- La Administraci\u00f3n del Sistema Portuario Nacional (ASIPONA) de Veracruz buscar\u00e1 que la presidenta, Claudia Sheinbaum Pardo, sea qui\u00e9n inaugure la Plaza Hero\u00edsmo, tentativamente el pr\u00f3ximo 21 de abril del 2025, mencion\u00f3 su director general, Vicealmirante, Carlos Ignacio Vel\u00e1zquez Tiscare\u00f1o. &#8220;Estamos buscando una fecha en donde puedan venir autoridades a nivel ejecutivo, [&hellip;]<\/p>\n","protected":false},"author":2476,"featured_media":61269,"comment_status":"open","ping_status":"open","sticky":false,"template":"","format":"standard","meta":{"_jetpack_memberships_contains_paid_content":false,"footnotes":""},"categories":[2],"tags":[],"class_list":["post-61268","post","type-post","status-publish","format-standard","has-post-thumbnail","hentry","category-estado"],"jetpack_featured_media_url":"https:\/\/encuentroinformativo.com.mx\/wp-content\/uploads\/2024\/11\/IMG-20241128-WA0063.jpg","jetpack_sharing_enabled":true,"jetpack_likes_enabled":true,"amp_enabled":true,"_links":{"self":[{"href":"https:\/\/encuentroinformativo.com.mx\/index.php?rest_route=\/wp\/v2\/posts\/61268","targetHints":{"allow":["GET"]}}],"collection":[{"href":"https:\/\/encuentroinformativo.com.mx\/index.php?rest_route=\/wp\/v2\/posts"}],"about":[{"href":"https:\/\/encuentroinformativo.com.mx\/index.php?rest_route=\/wp\/v2\/types\/post"}],"author":[{"embeddable":true,"href":"https:\/\/encuentroinformativo.com.mx\/index.php?rest_route=\/wp\/v2\/users\/2476"}],"replies":[{"embeddable":true,"href":"https:\/\/encuentroinformativo.com.mx\/index.php?rest_route=%2Fwp%2Fv2%2Fcomments&post=61268"}],"version-history":[{"count":1,"href":"https:\/\/encuentroinformativo.com.mx\/index.php?rest_route=\/wp\/v2\/posts\/61268\/revisions"}],"predecessor-version":[{"id":61270,"href":"https:\/\/encuentroinformativo.com.mx\/index.php?rest_route=\/wp\/v2\/posts\/61268\/revisions\/61270"}],"wp:featuredmedia":[{"embeddable":true,"href":"https:\/\/encuentroinformativo.com.mx\/index.php?rest_route=\/wp\/v2\/media\/61269"}],"wp:attachment":[{"href":"https:\/\/encuentroinformativo.com.mx\/index.php?rest_route=%2Fwp%2Fv2%2Fmedia&parent=61268"}],"wp:term":[{"taxonomy":"category","embeddable":true,"href":"https:\/\/encuentroinformativo.com.mx\/index.php?rest_route=%2Fwp%2Fv2%2Fcategories&post=61268"},{"taxonomy":"post_tag","embeddable":true,"href":"https:\/\/encuentroinformativo.com.mx\/index.php?rest_route=%2Fwp%2Fv2%2Ftags&post=61268"}],"curies":[{"name":"wp","href":"https:\/\/api.w.org\/{rel}","templated":true}]}}