{"id":61280,"date":"2024-11-28T13:20:42","date_gmt":"2024-11-28T19:20:42","guid":{"rendered":"https:\/\/encuentroinformativo.com.mx\/?p=61280"},"modified":"2024-11-28T13:20:48","modified_gmt":"2024-11-28T19:20:48","slug":"respalda-pvem-propuesta-para-disminuir-periodo-de-titular-de-la-fge","status":"publish","type":"post","link":"https:\/\/encuentroinformativo.com.mx\/?p=61280","title":{"rendered":"Respalda PVEM propuesta para disminuir periodo de titular de la FGE"},"content":{"rendered":"\n<p><strong>Dar\u00edo Pale <\/strong><\/p>\n\n\n\n<p>Xalapa, Ver.- El Partido Verde tendr\u00e1 candidatos en los 212 municipios para 2025, seguramente habr\u00e1 lugares donde haya candidatos comunes con los partidos aliados, acertada la propuesta de disminuir el periodo del titular de la Fiscal\u00eda General del Estado (FGE) de 9 a 4 a\u00f1os, as\u00ed lo dio a conocer el coordinador de la fracci\u00f3n parlamentaria del Partido Verde en el Congreso local, Carlos Marcelo Ruiz S\u00e1nchez.<\/p>\n\n\n\n<p>En entrevista, adelant\u00f3 que buscar\u00e1n candidatos propios en todo el Estado para el pr\u00f3ximo proceso electoral, resalt\u00f3 que el nuevo dirigente del instituto pol\u00edtico en Veracruz, Edgar Herrera Lendechy, buscar\u00e1 los acuerdos e ir\u00e1n en concordancia con la dirigencia nacional.<\/p>\n\n\n\n<p>Aclar\u00f3 que si bien es cierto buscar\u00e1n tener candidatos en todos los municipios, seguramente habr\u00e1 lugares en donde tendr\u00e1n que acordar los perfiles con sus partidos aliados.<\/p>\n\n\n\n<p>&#8220;Pero de entrada estamos convencidos de que tenemos candidatos y ciudadanos propios que quieren participar en todo el Estado&#8221;, destac\u00f3.<\/p>\n\n\n\n<p>En otro tema, respecto de las comparecencias, mencion\u00f3 que los secretarios de despacho a\u00fan est\u00e1n en tiempo de enviar la informaci\u00f3n que se comprometieron a enviar a los diputados en el plazo de las 48 horas posteriores a las comparecencias.<\/p>\n\n\n\n<p>Asimismo, opin\u00f3 que la propuesta del diputado Diego Casta\u00f1eda Aburto, para disminuir el periodo del titular de la Fiscal\u00eda General del Estado de 9 a 4 a\u00f1os, fue acertada.<\/p>\n\n\n\n<p>&#8220;No pudo estar m\u00e1s acertado y estoy de acuerdo con \u00e9l, es una iniciativa que hay que revisar y a estar muy atentos&#8221;, expres\u00f3.<\/p>\n\n\n\n<p>Opin\u00f3 que como parte de la propuesta del presidente de la comisi\u00f3n de Procuraci\u00f3n de Justicia en el Congreso local, el Diputado plante\u00f3 que se revise la actuaci\u00f3n del o la fiscal para poder reelegirse.<\/p>\n\n\n\n<p>Por \u00faltimo se\u00f1al\u00f3 que, &#8220;siempre una autoridad que se revisa es m\u00e1s profesional, es m\u00e1s ejecutiva, genera m\u00e1s certeza y en ese orden de ideas, estamos pendientes de revisar esta iniciativa que respaldamos y acompa\u00f1amos a Diego Casta\u00f1eda&#8221;.<\/p>\n","protected":false},"excerpt":{"rendered":"<p>Dar\u00edo Pale Xalapa, Ver.- El Partido Verde tendr\u00e1 candidatos en los 212 municipios para 2025, seguramente habr\u00e1 lugares donde haya candidatos comunes con los partidos aliados, acertada la propuesta de disminuir el periodo del titular de la Fiscal\u00eda General del Estado (FGE) de 9 a 4 a\u00f1os, as\u00ed lo dio a conocer el coordinador de [&hellip;]<\/p>\n","protected":false},"author":2476,"featured_media":61281,"comment_status":"open","ping_status":"open","sticky":false,"template":"","format":"standard","meta":{"_jetpack_memberships_contains_paid_content":false,"footnotes":""},"categories":[2],"tags":[],"class_list":["post-61280","post","type-post","status-publish","format-standard","has-post-thumbnail","hentry","category-estado"],"jetpack_featured_media_url":"https:\/\/encuentroinformativo.com.mx\/wp-content\/uploads\/2024\/11\/IMG-20241128-WA0073.jpg","jetpack_sharing_enabled":true,"jetpack_likes_enabled":true,"amp_enabled":true,"_links":{"self":[{"href":"https:\/\/encuentroinformativo.com.mx\/index.php?rest_route=\/wp\/v2\/posts\/61280","targetHints":{"allow":["GET"]}}],"collection":[{"href":"https:\/\/encuentroinformativo.com.mx\/index.php?rest_route=\/wp\/v2\/posts"}],"about":[{"href":"https:\/\/encuentroinformativo.com.mx\/index.php?rest_route=\/wp\/v2\/types\/post"}],"author":[{"embeddable":true,"href":"https:\/\/encuentroinformativo.com.mx\/index.php?rest_route=\/wp\/v2\/users\/2476"}],"replies":[{"embeddable":true,"href":"https:\/\/encuentroinformativo.com.mx\/index.php?rest_route=%2Fwp%2Fv2%2Fcomments&post=61280"}],"version-history":[{"count":1,"href":"https:\/\/encuentroinformativo.com.mx\/index.php?rest_route=\/wp\/v2\/posts\/61280\/revisions"}],"predecessor-version":[{"id":61282,"href":"https:\/\/encuentroinformativo.com.mx\/index.php?rest_route=\/wp\/v2\/posts\/61280\/revisions\/61282"}],"wp:featuredmedia":[{"embeddable":true,"href":"https:\/\/encuentroinformativo.com.mx\/index.php?rest_route=\/wp\/v2\/media\/61281"}],"wp:attachment":[{"href":"https:\/\/encuentroinformativo.com.mx\/index.php?rest_route=%2Fwp%2Fv2%2Fmedia&parent=61280"}],"wp:term":[{"taxonomy":"category","embeddable":true,"href":"https:\/\/encuentroinformativo.com.mx\/index.php?rest_route=%2Fwp%2Fv2%2Fcategories&post=61280"},{"taxonomy":"post_tag","embeddable":true,"href":"https:\/\/encuentroinformativo.com.mx\/index.php?rest_route=%2Fwp%2Fv2%2Ftags&post=61280"}],"curies":[{"name":"wp","href":"https:\/\/api.w.org\/{rel}","templated":true}]}}