{"id":61289,"date":"2024-11-28T14:25:32","date_gmt":"2024-11-28T20:25:32","guid":{"rendered":"https:\/\/encuentroinformativo.com.mx\/?p=61289"},"modified":"2024-11-28T14:25:37","modified_gmt":"2024-11-28T20:25:37","slug":"bajas-temperaturas-afectaron-5-mil-hectareas-de-maiz-en-perote","status":"publish","type":"post","link":"https:\/\/encuentroinformativo.com.mx\/?p=61289","title":{"rendered":"Bajas temperaturas afectaron 5 mil hect\u00e1reas de ma\u00edz en Perote"},"content":{"rendered":"\n<p><strong>Dar\u00edo Pale <\/strong><\/p>\n\n\n\n<p>Xalapa, Ver.- Al cerrar la granja de Perote se perder\u00e1n 2 mil 700 empleos directos, y las heladas de hace mes y medio afectaron m\u00e1s de 5 mil hect\u00e1reas de ma\u00edz, as\u00ed lo dio a conocer el presidente municipal de dicho municipio Delfino Ortega Mart\u00ednez.<\/p>\n\n\n\n<p>En entrevista defini\u00f3 que al cerrar las granjas Carroll, en la localidad de Totalco, se perder\u00e1n 2 mil 700 empleos directos y 8 mil de manera indirecta.<\/p>\n\n\n\n<p>Expuso que otras dos granjas tuvieron observaciones de la Procuradur\u00eda de Medio Ambiente, pero ya cumplieron con lo que se les exigi\u00f3 y ya est\u00e1n trabajando de manera normal.<\/p>\n\n\n\n<p>En ese sentido, descart\u00f3 que se vaya a llevar a cabo un cierre masivo de granjas de la empresa.<\/p>\n\n\n\n<p>En otro tema, respecto de las bajas temperaturas, mencion\u00f3 que los term\u00f3metros han descendido a menos cero.<\/p>\n\n\n\n<p>Debido a ello, diversos cultivos tuvieron afectaciones, por lo que hace un mes y medio solicitaron apoyo a la Sedarpa.<\/p>\n\n\n\n<p>El Alcalde puntualiz\u00f3 que por las bajas temperaturas se da\u00f1aron 5 mil 500 hect\u00e1reas de ma\u00edz, as\u00ed como 2 mil 500 de frijol y 350 de papa.<\/p>\n\n\n\n<p>Por \u00faltimo informo que debido a ello ya hicieron el reporte de afectaciones a la Sedarpa, para que se haga el proceso legal correspondiente por el siniestro.<\/p>\n","protected":false},"excerpt":{"rendered":"<p>Dar\u00edo Pale Xalapa, Ver.- Al cerrar la granja de Perote se perder\u00e1n 2 mil 700 empleos directos, y las heladas de hace mes y medio afectaron m\u00e1s de 5 mil hect\u00e1reas de ma\u00edz, as\u00ed lo dio a conocer el presidente municipal de dicho municipio Delfino Ortega Mart\u00ednez. En entrevista defini\u00f3 que al cerrar las granjas [&hellip;]<\/p>\n","protected":false},"author":2476,"featured_media":61290,"comment_status":"open","ping_status":"open","sticky":false,"template":"","format":"standard","meta":{"_jetpack_memberships_contains_paid_content":false,"footnotes":""},"categories":[8],"tags":[],"class_list":["post-61289","post","type-post","status-publish","format-standard","has-post-thumbnail","hentry","category-region"],"jetpack_featured_media_url":"https:\/\/encuentroinformativo.com.mx\/wp-content\/uploads\/2024\/11\/IMG-20241128-WA00862.jpg","jetpack_sharing_enabled":true,"jetpack_likes_enabled":true,"amp_enabled":true,"_links":{"self":[{"href":"https:\/\/encuentroinformativo.com.mx\/index.php?rest_route=\/wp\/v2\/posts\/61289","targetHints":{"allow":["GET"]}}],"collection":[{"href":"https:\/\/encuentroinformativo.com.mx\/index.php?rest_route=\/wp\/v2\/posts"}],"about":[{"href":"https:\/\/encuentroinformativo.com.mx\/index.php?rest_route=\/wp\/v2\/types\/post"}],"author":[{"embeddable":true,"href":"https:\/\/encuentroinformativo.com.mx\/index.php?rest_route=\/wp\/v2\/users\/2476"}],"replies":[{"embeddable":true,"href":"https:\/\/encuentroinformativo.com.mx\/index.php?rest_route=%2Fwp%2Fv2%2Fcomments&post=61289"}],"version-history":[{"count":1,"href":"https:\/\/encuentroinformativo.com.mx\/index.php?rest_route=\/wp\/v2\/posts\/61289\/revisions"}],"predecessor-version":[{"id":61291,"href":"https:\/\/encuentroinformativo.com.mx\/index.php?rest_route=\/wp\/v2\/posts\/61289\/revisions\/61291"}],"wp:featuredmedia":[{"embeddable":true,"href":"https:\/\/encuentroinformativo.com.mx\/index.php?rest_route=\/wp\/v2\/media\/61290"}],"wp:attachment":[{"href":"https:\/\/encuentroinformativo.com.mx\/index.php?rest_route=%2Fwp%2Fv2%2Fmedia&parent=61289"}],"wp:term":[{"taxonomy":"category","embeddable":true,"href":"https:\/\/encuentroinformativo.com.mx\/index.php?rest_route=%2Fwp%2Fv2%2Fcategories&post=61289"},{"taxonomy":"post_tag","embeddable":true,"href":"https:\/\/encuentroinformativo.com.mx\/index.php?rest_route=%2Fwp%2Fv2%2Ftags&post=61289"}],"curies":[{"name":"wp","href":"https:\/\/api.w.org\/{rel}","templated":true}]}}